{"id":16300,"date":"2019-08-23T06:52:15","date_gmt":"2019-08-23T06:52:15","guid":{"rendered":"http:\/\/www.ipcszeged.hu\/?p=16300"},"modified":"2019-08-23T06:52:30","modified_gmt":"2019-08-23T06:52:30","slug":"eleted-uzenet-gellert-nap19","status":"publish","type":"post","link":"https:\/\/ipcszeged.hu\/index.php\/2019\/08\/23\/eleted-uzenet-gellert-nap19\/","title":{"rendered":"&#8220;\u00c9leted \u00dczenet&#8221; &#8211; # Gell\u00e9rt Nap&#8217;19"},"content":{"rendered":"<p>M\u00e1r unod a h\u00e9tk\u00f6znapokat a tan\u00e9vkezd\u00e9s elej\u00e9n?<\/p>\n<p style=\"padding-left: 40px;\">Szeretn\u00e9l egy fergeteges tal\u00e1lkoz\u00f3n r\u00e9szt venni?<\/p>\n<p style=\"padding-left: 120px;\">Nem tudod hol tal\u00e1lkozhatsz a r\u00e9gi ismer\u0151s\u00f6kkel?<\/p>\n<p style=\"padding-left: 40px;\">Esetleg elmes\u00e9ln\u00e9d, hogy mi t\u00f6rt\u00e9nt veled az Egyh\u00e1zmegye Ny\u00e1ri T\u00e1bor \u00f3ta?<\/p>\n<p>Akkor van egy \u00f6tlet\u00fcnk&#8230;&#8230;<\/p>\n<h3>2019. szeptember 28. &#8211; Szent Gell\u00e9rt Ifj\u00fas\u00e1gi Tal\u00e1lkoz\u00f3<\/h3>\n<p>Ha m\u00e1r bet\u00f6lt\u00f6tted a 13-at, de m\u00e9g nem vagy 19, akkor kattints \u00e9s regisztr\u00e1lj:<\/p>\n<h3 style=\"text-align: center;\">J<a href=\"https:\/\/forms.gle\/8BnGesGEnHBBFwi68\">ELENTKEZEM A GELL\u00c9RT NAPRA<\/a><\/h3>\n<p style=\"text-align: center;\">J<strong><span style=\"color: #ff0000;\">elentkez\u00e9si hat\u00e1rid\u0151: 2019. szeptember 15.<\/span><\/strong><\/p>\n ","protected":false},"excerpt":{"rendered":"<p>M\u00e1r unod a h\u00e9tk\u00f6znapokat a tan\u00e9vkezd\u00e9s elej\u00e9n? Szeretn\u00e9l egy fergeteges tal\u00e1lkoz\u00f3n r\u00e9szt venni? Nem tudod hol tal\u00e1lkozhatsz a r\u00e9gi ismer\u0151s\u00f6kkel? Esetleg elmes\u00e9ln\u00e9d, hogy mi t\u00f6rt\u00e9nt veled az Egyh\u00e1zmegye Ny\u00e1ri T\u00e1bor \u00f3ta? Akkor van egy \u00f6tlet\u00fcnk&#8230;&#8230; 2019. szeptember 28. &#8211; Szent Gell\u00e9rt Ifj\u00fas\u00e1gi Tal\u00e1lkoz\u00f3 Ha m\u00e1r bet\u00f6lt\u00f6tted a 13-at, de m\u00e9g nem vagy 19, akkor kattints&hellip; <br \/> <a class=\"read-more\" href=\"https:\/\/ipcszeged.hu\/index.php\/2019\/08\/23\/eleted-uzenet-gellert-nap19\/\">Read more<\/a><\/p>\n","protected":false},"author":1,"featured_media":16296,"comment_status":"closed","ping_status":"open","sticky":false,"template":"","format":"standard","meta":{"ngg_post_thumbnail":0,"footnotes":""},"categories":[1],"tags":[],"class_list":["post-16300","post","type-post","status-publish","format-standard","has-post-thumbnail","hentry","category-egyeb"],"_links":{"self":[{"href":"https:\/\/ipcszeged.hu\/index.php\/wp-json\/wp\/v2\/posts\/16300","targetHints":{"allow":["GET"]}}],"collection":[{"href":"https:\/\/ipcszeged.hu\/index.php\/wp-json\/wp\/v2\/posts"}],"about":[{"href":"https:\/\/ipcszeged.hu\/index.php\/wp-json\/wp\/v2\/types\/post"}],"author":[{"embeddable":true,"href":"https:\/\/ipcszeged.hu\/index.php\/wp-json\/wp\/v2\/users\/1"}],"replies":[{"embeddable":true,"href":"https:\/\/ipcszeged.hu\/index.php\/wp-json\/wp\/v2\/comments?post=16300"}],"version-history":[{"count":2,"href":"https:\/\/ipcszeged.hu\/index.php\/wp-json\/wp\/v2\/posts\/16300\/revisions"}],"predecessor-version":[{"id":16303,"href":"https:\/\/ipcszeged.hu\/index.php\/wp-json\/wp\/v2\/posts\/16300\/revisions\/16303"}],"wp:featuredmedia":[{"embeddable":true,"href":"https:\/\/ipcszeged.hu\/index.php\/wp-json\/wp\/v2\/media\/16296"}],"wp:attachment":[{"href":"https:\/\/ipcszeged.hu\/index.php\/wp-json\/wp\/v2\/media?parent=16300"}],"wp:term":[{"taxonomy":"category","embeddable":true,"href":"https:\/\/ipcszeged.hu\/index.php\/wp-json\/wp\/v2\/categories?post=16300"},{"taxonomy":"post_tag","embeddable":true,"href":"https:\/\/ipcszeged.hu\/index.php\/wp-json\/wp\/v2\/tags?post=16300"}],"curies":[{"name":"wp","href":"https:\/\/api.w.org\/{rel}","templated":true}]}}