{"id":16286,"date":"2019-08-22T08:48:09","date_gmt":"2019-08-22T08:48:09","guid":{"rendered":"http:\/\/www.ipcszeged.hu\/?p=16286"},"modified":"2019-08-22T08:48:11","modified_gmt":"2019-08-22T08:48:11","slug":"uj-tanev-uj-munkatars-az-ipc-ben","status":"publish","type":"post","link":"https:\/\/ipcszeged.hu\/index.php\/2019\/08\/22\/uj-tanev-uj-munkatars-az-ipc-ben\/","title":{"rendered":"\u00daj tan\u00e9v, \u00faj munkat\u00e1rs az IPC-ben"},"content":{"rendered":"<h4 style=\"text-align: center;\">Sziasztok!<\/h4>\n<p style=\"text-align: justify;\">\nNagyon \u00f6r\u00fcl\u00f6k, hogy az IPC munkat\u00e1rsak\u00e9nt bemutatkozhatok 1995-ben l\u00e1ttam meg a napvil\u00e1got ikertestv\u00e9remmel egy\u00fctt \u00e9s a Korm\u00e1nyos Anna Am\u00e1lia nevet kaptam. Csongr\u00e1dr\u00f3l j\u00f6ttem \u00e9s tan\u00edt\u00f3k\u00e9nt v\u00e9geztem az egyetemen.<\/p>\n<p style=\"text-align: justify;\"><strong>Hogyan ker\u00fcltem az IPC-hez?<\/strong><br \/>\nAz egyetemen t\u00f6lt\u00f6tt \u00e9veim alatt t\u00f6bb egyh\u00e1zmegyei programon r\u00e9szt vettem \u00f6nk\u00e9ntesk\u00e9nt \u00e9s a Vitorla k\u00f6z\u00f6ss\u00e9gvezet\u0151 k\u00e9pz\u0151t is elv\u00e9geztem. Az egyetem befejez\u00e9se el\u0151tti \u00e9vben keresett meg Levente atya, hogy aj\u00e1nlana sz\u00e1momra&nbsp;munk\u00e1t itt az irod\u00e1n\u00e1l, amit \u00f6r\u00f6mmel el is fogadtam.<\/p>\n<p style=\"text-align: justify;\">\n<strong>\u00c9s a v\u00e9g\u00e9re n\u00e9h\u00e1ny \u00e9rdekess\u00e9get r\u00f3lam&nbsp;<\/strong><br \/>\nN\u00e9h\u00e1ny \u00e9vvel ezel\u0151tt vettem a fejembe: meg akarok tanulni orgon\u00e1n j\u00e1tszani \u00e9s ebb\u0151l<br \/>\nm\u00e1r egyenesen ad\u00f3dott, hogy akkor mi\u00e9rt is ne tanuljak k\u00e1ntornak is. Teh\u00e1t zen\u00e9b\u0151l a<br \/>\nkedvencem az egyh\u00e1zi komolyzene. (b\u00e1r, \u00e9n ink\u00e1bb j\u00e1tszom, mint hallgatom )<\/p>\n<p style=\"text-align: justify;\">Nagyj\u00e1b\u00f3l 10 \u00e9ves korom \u00f3ta cserk\u00e9sz vagyok, \u00fagyhogy nagyon szeretek kint a szabadban ak\u00e1r t\u00far\u00e1zni ak\u00e1r t\u00e1borozni.<\/p>\n<p style=\"text-align: justify;\">\nAmikor kicsi voltam nagyon rossz volt az \u00e9tv\u00e1gyam ez\u00e9rt anyuk\u00e1m be\u00edratott \u00faszni. Akkor annyira megszerettem ezt a sportot, hogy 13 \u00e9vig versenyszer\u0171en \u0171ztem, \u00e9s ha m\u00e1r nem<br \/>\nis olyan szinten de m\u00e9g mindig j\u00e1rok \u00faszni.<\/p>\n ","protected":false},"excerpt":{"rendered":"<p>Sziasztok! Nagyon \u00f6r\u00fcl\u00f6k, hogy az IPC munkat\u00e1rsak\u00e9nt bemutatkozhatok 1995-ben l\u00e1ttam meg a napvil\u00e1got ikertestv\u00e9remmel egy\u00fctt \u00e9s a Korm\u00e1nyos Anna Am\u00e1lia nevet kaptam. Csongr\u00e1dr\u00f3l j\u00f6ttem \u00e9s tan\u00edt\u00f3k\u00e9nt v\u00e9geztem az egyetemen. Hogyan ker\u00fcltem az IPC-hez? Az egyetemen t\u00f6lt\u00f6tt \u00e9veim alatt t\u00f6bb egyh\u00e1zmegyei programon r\u00e9szt vettem \u00f6nk\u00e9ntesk\u00e9nt \u00e9s a Vitorla k\u00f6z\u00f6ss\u00e9gvezet\u0151 k\u00e9pz\u0151t is elv\u00e9geztem. Az egyetem befejez\u00e9se el\u0151tti&hellip; <br \/> <a class=\"read-more\" href=\"https:\/\/ipcszeged.hu\/index.php\/2019\/08\/22\/uj-tanev-uj-munkatars-az-ipc-ben\/\">Read more<\/a><\/p>\n","protected":false},"author":1,"featured_media":16288,"comment_status":"closed","ping_status":"open","sticky":false,"template":"","format":"standard","meta":{"ngg_post_thumbnail":0,"footnotes":""},"categories":[1],"tags":[],"class_list":["post-16286","post","type-post","status-publish","format-standard","has-post-thumbnail","hentry","category-egyeb"],"_links":{"self":[{"href":"https:\/\/ipcszeged.hu\/index.php\/wp-json\/wp\/v2\/posts\/16286","targetHints":{"allow":["GET"]}}],"collection":[{"href":"https:\/\/ipcszeged.hu\/index.php\/wp-json\/wp\/v2\/posts"}],"about":[{"href":"https:\/\/ipcszeged.hu\/index.php\/wp-json\/wp\/v2\/types\/post"}],"author":[{"embeddable":true,"href":"https:\/\/ipcszeged.hu\/index.php\/wp-json\/wp\/v2\/users\/1"}],"replies":[{"embeddable":true,"href":"https:\/\/ipcszeged.hu\/index.php\/wp-json\/wp\/v2\/comments?post=16286"}],"version-history":[{"count":1,"href":"https:\/\/ipcszeged.hu\/index.php\/wp-json\/wp\/v2\/posts\/16286\/revisions"}],"predecessor-version":[{"id":16289,"href":"https:\/\/ipcszeged.hu\/index.php\/wp-json\/wp\/v2\/posts\/16286\/revisions\/16289"}],"wp:featuredmedia":[{"embeddable":true,"href":"https:\/\/ipcszeged.hu\/index.php\/wp-json\/wp\/v2\/media\/16288"}],"wp:attachment":[{"href":"https:\/\/ipcszeged.hu\/index.php\/wp-json\/wp\/v2\/media?parent=16286"}],"wp:term":[{"taxonomy":"category","embeddable":true,"href":"https:\/\/ipcszeged.hu\/index.php\/wp-json\/wp\/v2\/categories?post=16286"},{"taxonomy":"post_tag","embeddable":true,"href":"https:\/\/ipcszeged.hu\/index.php\/wp-json\/wp\/v2\/tags?post=16286"}],"curies":[{"name":"wp","href":"https:\/\/api.w.org\/{rel}","templated":true}]}}