{"id":16035,"date":"2019-07-10T06:35:28","date_gmt":"2019-07-10T06:35:28","guid":{"rendered":"http:\/\/www.ipcszeged.hu\/?p=16035"},"modified":"2019-07-10T06:35:29","modified_gmt":"2019-07-10T06:35:29","slug":"pusztai-napok-kovacs-zoli-atyaval","status":"publish","type":"post","link":"https:\/\/ipcszeged.hu\/index.php\/2019\/07\/10\/pusztai-napok-kovacs-zoli-atyaval\/","title":{"rendered":"Pusztai Napok &#8211; Kov\u00e1cs Zoli aty\u00e1val"},"content":{"rendered":"<h3 style=\"text-align: center;\">Fi\u00fa vagy? V\u00e1runk t\u00e9ged az \u00fan.&nbsp;<b><span class=\"m_8329340775135899736gmail-m_2167460578885298097gmail-il\">Pusztai<\/span>&nbsp;Napokra<\/b>, \u00d3pusztaszeren, mely lehet\u0151s\u00e9g arra, hogy hitedben m\u00e9ly\u00fclj m\u00e1s f\u00e9rfiakkal egy\u00fctt.&nbsp;<\/h3>\n<div><span style=\"font-size: large;\"><b>Mire sz\u00e1m\u00edthat az, aki elj\u00f6n?<\/b><\/span><\/div>\n<div>\n<ul>\n<li>hiteles kereszt\u00e9ny f\u00e9rfiak (papok \u00e9s csal\u00e1dosok) tan\u00fas\u00e1gt\u00e9tel\u00e9re<\/li>\n<li>m\u00e9ly hit\u00e9lm\u00e9nyekre<\/li>\n<li>f\u00e9rfi k\u00f6z\u00f6ss\u00e9gre<\/li>\n<li>komoly t\u00e9m\u00e1kra<\/li>\n<\/ul>\n<div>T\u00e9m\u00e1ink: A f\u00e9rfi Isten terv\u00e9ben, F\u00e9rfi hit, \u00d6n\u00e9rt\u00e9kel\u00e9s, c\u00e9l, \u00e9rtelem, A f\u00e9rfi \u00fatja: vil\u00e1goss\u00e1g \u00e9s s\u00f6t\u00e9ts\u00e9g<\/div>\n<div>\n<h4 style=\"text-align: center;\">Facebook: <a href=\"https:\/\/www.facebook.com\/events\/637491803420229\/\" target=\"_blank\" rel=\"noopener noreferrer\" data-saferedirecturl=\"https:\/\/www.google.com\/url?q=https:\/\/www.facebook.com\/events\/637491803420229\/&amp;source=gmail&amp;ust=1562826089633000&amp;usg=AFQjCNEb5V1nPswTUvAOO_tqgNqzDv6Uyg\">https:\/\/www.facebook.com\/<wbr>events\/637491803420229\/<\/a><\/h4>\n<h4 style=\"text-align: center;\">Jelentkez\u00e9s:&nbsp;<a href=\"https:\/\/forms.gle\/oqhYinCvpN2JZDfG8?fbclid=IwAR1yx0G3HOd0H2M8AZbxFiDMj5xH7FsXIr3t6yyB63BGLwhgASlUHXp8x_8\" target=\"_blank\" rel=\"nofollow noopener noreferrer\" data-saferedirecturl=\"https:\/\/www.google.com\/url?q=https:\/\/forms.gle\/oqhYinCvpN2JZDfG8?fbclid%3DIwAR1yx0G3HOd0H2M8AZbxFiDMj5xH7FsXIr3t6yyB63BGLwhgASlUHXp8x_8&amp;source=gmail&amp;ust=1562826089633000&amp;usg=AFQjCNG2HHWMCNQXlR1klq5_SVNSlEekyQ\">https:\/\/forms.gle\/<wbr>oqhYinCvpN2JZDfG8<\/a><\/h4>\n<h4 style=\"text-align: center;\"><span style=\"color: #ff0000;\">Hat\u00e1rid\u0151: augusztus 1.<\/span><span style=\"font-size: small;\"><br \/>\n<\/span><\/h4>\n<p>Szeretettel,<\/p>\n<\/div>\n<\/div>\n<div>Kov\u00e1cs Zolt\u00e1n<\/div>\n<div>hivat\u00e1sreferens, k\u00e1pl\u00e1n<\/p>\n<\/div>\n<div>p.s: Ha nem vagy fi\u00fa, aj\u00e1nld fi\u00fa ismer\u0151seidnek az esem\u00e9nyt!<\/div>\n ","protected":false},"excerpt":{"rendered":"<p>Fi\u00fa vagy? V\u00e1runk t\u00e9ged az \u00fan.&nbsp;Pusztai&nbsp;Napokra, \u00d3pusztaszeren, mely lehet\u0151s\u00e9g arra, hogy hitedben m\u00e9ly\u00fclj m\u00e1s f\u00e9rfiakkal egy\u00fctt.&nbsp; Mire sz\u00e1m\u00edthat az, aki elj\u00f6n? hiteles kereszt\u00e9ny f\u00e9rfiak (papok \u00e9s csal\u00e1dosok) tan\u00fas\u00e1gt\u00e9tel\u00e9re m\u00e9ly hit\u00e9lm\u00e9nyekre f\u00e9rfi k\u00f6z\u00f6ss\u00e9gre komoly t\u00e9m\u00e1kra T\u00e9m\u00e1ink: A f\u00e9rfi Isten terv\u00e9ben, F\u00e9rfi hit, \u00d6n\u00e9rt\u00e9kel\u00e9s, c\u00e9l, \u00e9rtelem, A f\u00e9rfi \u00fatja: vil\u00e1goss\u00e1g \u00e9s s\u00f6t\u00e9ts\u00e9g Facebook: https:\/\/www.facebook.com\/events\/637491803420229\/ Jelentkez\u00e9s:&nbsp;https:\/\/forms.gle\/oqhYinCvpN2JZDfG8 Hat\u00e1rid\u0151: augusztus&hellip; <br \/> <a class=\"read-more\" href=\"https:\/\/ipcszeged.hu\/index.php\/2019\/07\/10\/pusztai-napok-kovacs-zoli-atyaval\/\">Read more<\/a><\/p>\n","protected":false},"author":1,"featured_media":16037,"comment_status":"closed","ping_status":"open","sticky":false,"template":"","format":"standard","meta":{"ngg_post_thumbnail":0,"footnotes":""},"categories":[1],"tags":[],"class_list":["post-16035","post","type-post","status-publish","format-standard","has-post-thumbnail","hentry","category-egyeb"],"_links":{"self":[{"href":"https:\/\/ipcszeged.hu\/index.php\/wp-json\/wp\/v2\/posts\/16035","targetHints":{"allow":["GET"]}}],"collection":[{"href":"https:\/\/ipcszeged.hu\/index.php\/wp-json\/wp\/v2\/posts"}],"about":[{"href":"https:\/\/ipcszeged.hu\/index.php\/wp-json\/wp\/v2\/types\/post"}],"author":[{"embeddable":true,"href":"https:\/\/ipcszeged.hu\/index.php\/wp-json\/wp\/v2\/users\/1"}],"replies":[{"embeddable":true,"href":"https:\/\/ipcszeged.hu\/index.php\/wp-json\/wp\/v2\/comments?post=16035"}],"version-history":[{"count":1,"href":"https:\/\/ipcszeged.hu\/index.php\/wp-json\/wp\/v2\/posts\/16035\/revisions"}],"predecessor-version":[{"id":16038,"href":"https:\/\/ipcszeged.hu\/index.php\/wp-json\/wp\/v2\/posts\/16035\/revisions\/16038"}],"wp:featuredmedia":[{"embeddable":true,"href":"https:\/\/ipcszeged.hu\/index.php\/wp-json\/wp\/v2\/media\/16037"}],"wp:attachment":[{"href":"https:\/\/ipcszeged.hu\/index.php\/wp-json\/wp\/v2\/media?parent=16035"}],"wp:term":[{"taxonomy":"category","embeddable":true,"href":"https:\/\/ipcszeged.hu\/index.php\/wp-json\/wp\/v2\/categories?post=16035"},{"taxonomy":"post_tag","embeddable":true,"href":"https:\/\/ipcszeged.hu\/index.php\/wp-json\/wp\/v2\/tags?post=16035"}],"curies":[{"name":"wp","href":"https:\/\/api.w.org\/{rel}","templated":true}]}}