{"id":16007,"date":"2019-06-07T10:46:30","date_gmt":"2019-06-07T10:46:30","guid":{"rendered":"http:\/\/www.ipcszeged.hu\/?p=16007"},"modified":"2019-06-07T10:46:32","modified_gmt":"2019-06-07T10:46:32","slug":"f-o-r-r-a-s-p-o-n-t-meg-egy-nap-jezussal","status":"publish","type":"post","link":"https:\/\/ipcszeged.hu\/index.php\/2019\/06\/07\/f-o-r-r-a-s-p-o-n-t-meg-egy-nap-jezussal\/","title":{"rendered":"F O R R \u00c1 S P O N T &#8211; M\u00e9g Egy Nap J\u00e9zussal"},"content":{"rendered":"\n<p>Gyere el, \u00e9s l\u00e9gy r\u00e9szese annak, hogy milyen&nbsp;5\ufe0f\u20e30\ufe0f\u20e30\ufe0f\u20e30\ufe0f\u20e3&nbsp;fiatal k\u00f6z\u00f6tt j\u00f3l \u00e9rezni magad!?<\/p>\n\n\n\n<p>A Forr\u00e1sPont vend\u00e9gei lesznek:<br>&#8211; Cristina n\u0151v\u00e9r (az olasz The Voice tehets\u00e9gkutat\u00f3 m\u0171sor gy\u0151ztese)<br>&#8211; Kov\u00e1cs Andr\u00e1s P\u00e9ter (humorista, \u00edr\u00f3)<br>&#8211; Papp Mikl\u00f3s (g\u00f6r\u00f6gkatolikus pap)<\/p>\n\n\n\n<p>Az al\u00e1bbi linken regisztr\u00e1lhatsz:<br><a href=\"https:\/\/l.facebook.com\/l.php?u=https%3A%2F%2Fforraspont.iec2020.hu%2F%3Ffbclid%3DIwAR0ON3Zn_L_G7qlxugmzlPyDnT4s5tpjExVCE0Tdd1_HIB0M1Qr2CTlXmaM%23%2F&amp;h=AT1qbslakSoYNQt3oyEivbrTqELwbEgN_EEN_VpTa4S1k1qmPUuXYpx4B45ubs0VueR__crWhTLv_xlHzSWHt7RSFGnCwSSYVgB3fCbTtB7oQU1IcYj49naIYgyya2apnkE7wc_bjRypjRK1hjtnUf1GXivgSaW57SHeJDJZSFuos1ijGBn4i4QCXHpmZTN6SWvVxYJOfQmjGis6opu9_ZmdMzjrmJme7qotNaJFJHm4hS3kYGNNz6znB9YfgqbntI6MPLIuIGMiON4OS7YS7nJXpw2c2PAEKlxfd3goHrU7vxsVZ9lEX7y8GHZi86oiuB3uBBwBceqee647eP4r08qdkTfM9WPPZsFHUq0OnQHXt60B0K1yvMHyXLCVJ2eXWGFv1OI61bsc9jY5cz2whUyqg94iWVdIO4WiaeA8mmDCE5cx3egzAiTfFSkKLSIZXuIB_K0EFS78hic94W09AOqXobrnWX5PD3Zilj4XQCgT1EEBkjuTTnN10mO0vJYPZm3Jp7YU3b6HNv_q3kVWs1tpByIoMQNyv4qRxIMOk8LZ5RU1xeUIPOfGIdEVSxEjlbSzPIisRYPRxrLNFpJjlCyKZh9bkP2qRzXpYrT3v_tRQYDAViPKy2nFF3deRiBv35jW8mxq2MkV1ZwKrYxR-bzVuoFl1nxemaQu8NW6BR8\" target=\"_blank\" rel=\"noreferrer noopener\">https:\/\/forraspont.iec2020.hu\/#\/<\/a><\/p>\n ","protected":false},"excerpt":{"rendered":"<p>Gyere el, \u00e9s l\u00e9gy r\u00e9szese annak, hogy milyen&nbsp;5\ufe0f\u20e30\ufe0f\u20e30\ufe0f\u20e30\ufe0f\u20e3&nbsp;fiatal k\u00f6z\u00f6tt j\u00f3l \u00e9rezni magad!? A Forr\u00e1sPont vend\u00e9gei lesznek:&#8211; Cristina n\u0151v\u00e9r (az olasz The Voice tehets\u00e9gkutat\u00f3 m\u0171sor gy\u0151ztese)&#8211; Kov\u00e1cs Andr\u00e1s P\u00e9ter (humorista, \u00edr\u00f3)&#8211; Papp Mikl\u00f3s (g\u00f6r\u00f6gkatolikus pap) Az al\u00e1bbi linken regisztr\u00e1lhatsz:https:\/\/forraspont.iec2020.hu\/#\/<\/p>\n","protected":false},"author":1,"featured_media":16009,"comment_status":"closed","ping_status":"open","sticky":false,"template":"","format":"standard","meta":{"ngg_post_thumbnail":0,"footnotes":""},"categories":[1],"tags":[],"class_list":["post-16007","post","type-post","status-publish","format-standard","has-post-thumbnail","hentry","category-egyeb"],"_links":{"self":[{"href":"https:\/\/ipcszeged.hu\/index.php\/wp-json\/wp\/v2\/posts\/16007","targetHints":{"allow":["GET"]}}],"collection":[{"href":"https:\/\/ipcszeged.hu\/index.php\/wp-json\/wp\/v2\/posts"}],"about":[{"href":"https:\/\/ipcszeged.hu\/index.php\/wp-json\/wp\/v2\/types\/post"}],"author":[{"embeddable":true,"href":"https:\/\/ipcszeged.hu\/index.php\/wp-json\/wp\/v2\/users\/1"}],"replies":[{"embeddable":true,"href":"https:\/\/ipcszeged.hu\/index.php\/wp-json\/wp\/v2\/comments?post=16007"}],"version-history":[{"count":1,"href":"https:\/\/ipcszeged.hu\/index.php\/wp-json\/wp\/v2\/posts\/16007\/revisions"}],"predecessor-version":[{"id":16010,"href":"https:\/\/ipcszeged.hu\/index.php\/wp-json\/wp\/v2\/posts\/16007\/revisions\/16010"}],"wp:featuredmedia":[{"embeddable":true,"href":"https:\/\/ipcszeged.hu\/index.php\/wp-json\/wp\/v2\/media\/16009"}],"wp:attachment":[{"href":"https:\/\/ipcszeged.hu\/index.php\/wp-json\/wp\/v2\/media?parent=16007"}],"wp:term":[{"taxonomy":"category","embeddable":true,"href":"https:\/\/ipcszeged.hu\/index.php\/wp-json\/wp\/v2\/categories?post=16007"},{"taxonomy":"post_tag","embeddable":true,"href":"https:\/\/ipcszeged.hu\/index.php\/wp-json\/wp\/v2\/tags?post=16007"}],"curies":[{"name":"wp","href":"https:\/\/api.w.org\/{rel}","templated":true}]}}