{"id":15849,"date":"2019-04-08T09:55:12","date_gmt":"2019-04-08T09:55:12","guid":{"rendered":"http:\/\/www.ipcszeged.hu\/?p=15849"},"modified":"2019-04-08T09:55:15","modified_gmt":"2019-04-08T09:55:15","slug":"korzeti-ifjusagi-talalkozot-tartottak-asotthalmon","status":"publish","type":"post","link":"https:\/\/ipcszeged.hu\/index.php\/2019\/04\/08\/korzeti-ifjusagi-talalkozot-tartottak-asotthalmon\/","title":{"rendered":"K\u00f6rzeti Ifj\u00fas\u00e1gi Tal\u00e1lkoz\u00f3t tartottak \u00c1sotthalmon"},"content":{"rendered":"<p style=\"text-align: justify;\">A m\u00f3rahalmi k\u00f6rzet hitoktat\u00f3i, aty\u00e1i \u00e9s az IPC szervez\u00e9s\u00e9ben \u00c1sotthalmon tartottak tal\u00e1lkoz\u00f3t, ahol k\u00f6zel 70 fiatal j\u00f6tt \u00f6ssze a k\u00f6rzet telep\u00fcl\u00e9seir\u0151l. A program egy k\u00f6z\u00f6s szentmis\u00e9vel kezd\u0151d\u00f6tt, majd a szentmis\u00e9t k\u00f6vet\u0151en a helyi hagyom\u00e1nyokhoz h\u00edven a fiatalok megismerkedhettek R\u00f3zsa S\u00e1ndor kor\u00e1val, majd a r\u00f6vid bemutat\u00f3 ut\u00e1n 4 \u00e1llom\u00e1son v\u00e1rt\u00e1k a r\u00e9szvev\u0151ket telep\u00fcl\u00e9senk\u00e9nt. A n\u00e9gy \u00e1llom\u00e1s lehet\u0151s\u00e9get adott megismerkedni sok sok \u00e9rdekes j\u00e1t\u00e9kos foglalkoz\u00e1ssal \u00e9s lelki t\u00f6ltekez\u00e9ssel. A b\u00e1trabbak egy hossz\u00fa s\u00e9ta ut\u00e1n a karik\u00e1s ostort is kipr\u00f3b\u00e1lhatt\u00e1k. A nap egy k\u00f6z\u00f6s eb\u00e9ddel z\u00e1rult.&nbsp;<\/p>\n<p>&nbsp;<\/p>\nngg_shortcode_0_placeholder\n ","protected":false},"excerpt":{"rendered":"<p>A m\u00f3rahalmi k\u00f6rzet hitoktat\u00f3i, aty\u00e1i \u00e9s az IPC szervez\u00e9s\u00e9ben \u00c1sotthalmon tartottak tal\u00e1lkoz\u00f3t, ahol k\u00f6zel 70 fiatal j\u00f6tt \u00f6ssze a k\u00f6rzet telep\u00fcl\u00e9seir\u0151l. A program egy k\u00f6z\u00f6s szentmis\u00e9vel kezd\u0151d\u00f6tt, majd a szentmis\u00e9t k\u00f6vet\u0151en a helyi hagyom\u00e1nyokhoz h\u00edven a fiatalok megismerkedhettek R\u00f3zsa S\u00e1ndor kor\u00e1val, majd a r\u00f6vid bemutat\u00f3 ut\u00e1n 4 \u00e1llom\u00e1son v\u00e1rt\u00e1k a r\u00e9szvev\u0151ket telep\u00fcl\u00e9senk\u00e9nt. A n\u00e9gy \u00e1llom\u00e1s&hellip; <br \/> <a class=\"read-more\" href=\"https:\/\/ipcszeged.hu\/index.php\/2019\/04\/08\/korzeti-ifjusagi-talalkozot-tartottak-asotthalmon\/\">Read more<\/a><\/p>\n","protected":false},"author":1,"featured_media":0,"comment_status":"closed","ping_status":"open","sticky":false,"template":"","format":"standard","meta":{"ngg_post_thumbnail":0,"footnotes":""},"categories":[1],"tags":[],"class_list":["post-15849","post","type-post","status-publish","format-standard","hentry","category-egyeb"],"_links":{"self":[{"href":"https:\/\/ipcszeged.hu\/index.php\/wp-json\/wp\/v2\/posts\/15849","targetHints":{"allow":["GET"]}}],"collection":[{"href":"https:\/\/ipcszeged.hu\/index.php\/wp-json\/wp\/v2\/posts"}],"about":[{"href":"https:\/\/ipcszeged.hu\/index.php\/wp-json\/wp\/v2\/types\/post"}],"author":[{"embeddable":true,"href":"https:\/\/ipcszeged.hu\/index.php\/wp-json\/wp\/v2\/users\/1"}],"replies":[{"embeddable":true,"href":"https:\/\/ipcszeged.hu\/index.php\/wp-json\/wp\/v2\/comments?post=15849"}],"version-history":[{"count":1,"href":"https:\/\/ipcszeged.hu\/index.php\/wp-json\/wp\/v2\/posts\/15849\/revisions"}],"predecessor-version":[{"id":15952,"href":"https:\/\/ipcszeged.hu\/index.php\/wp-json\/wp\/v2\/posts\/15849\/revisions\/15952"}],"wp:attachment":[{"href":"https:\/\/ipcszeged.hu\/index.php\/wp-json\/wp\/v2\/media?parent=15849"}],"wp:term":[{"taxonomy":"category","embeddable":true,"href":"https:\/\/ipcszeged.hu\/index.php\/wp-json\/wp\/v2\/categories?post=15849"},{"taxonomy":"post_tag","embeddable":true,"href":"https:\/\/ipcszeged.hu\/index.php\/wp-json\/wp\/v2\/tags?post=15849"}],"curies":[{"name":"wp","href":"https:\/\/api.w.org\/{rel}","templated":true}]}}