{"id":15835,"date":"2019-04-03T11:23:06","date_gmt":"2019-04-03T11:23:06","guid":{"rendered":"http:\/\/www.ipcszeged.hu\/?p=15835"},"modified":"2019-04-03T11:23:07","modified_gmt":"2019-04-03T11:23:07","slug":"tarjatok-ki-ti-is-a-szivetek","status":"publish","type":"post","link":"https:\/\/ipcszeged.hu\/index.php\/2019\/04\/03\/tarjatok-ki-ti-is-a-szivetek\/","title":{"rendered":"T\u00e1rj\u00e1tok ki Ti is a sz\u00edvetek&#8230;"},"content":{"rendered":"<p style=\"text-align: justify;\">Nagyb\u00f6jti lelki napot szervezett az IPC a Transznacion\u00e1lis egy\u00fcttm\u0171k\u00f6d\u00e9s keret\u00e9ben. A nagyb\u00f6jti lelki nap k\u00e9t t\u00e9m\u00e1t vetett fel a r\u00e9sztvev\u0151 fiatalok sz\u00e1m\u00e1ra. Az egyik t\u00e9ma a lemond\u00e1s volt, amely kifejezetten a nagyb\u00f6jti lemond\u00e1sok sokf\u00e9les\u00e9g\u00e9re ir\u00e1nyult. M\u00edg a nap m\u00e1sik k\u00f6zponti t\u00e9m\u00e1ja a megv\u00e1lt\u00e1s volt. A fiataloknak Pubi &#8211; azaz Utcai R\u00f3bert -atya tartott \u00e9rdekes \u00e9s cselekv\u00e9sre buzd\u00edt\u00f3 el\u0151ad\u00e1sokat, majd Varg\u00e1n\u00e9 B\u00f6gi Veronika igyekezett sz\u00ednesebbn\u00e9l sz\u00ednesebb programokkal m\u0171helymunk\u00e1kat vezetni. A fiatalok amellett, hogy megismerhett\u00e9k egym\u00e1st, olyan m\u00e9ly szem\u00e9lyes dolgokat is ki tudtak mondani a nap sor\u00e1n, amelyek nem felt\u00e9tlen\u00fcl ker\u00fclnek el\u0151 a h\u00e9tk\u00f6znapokban. A&nbsp; lelkinapot egy k\u00f6z\u00f6s szentmise z\u00e1rta.<\/p>\n\n\nngg_shortcode_0_placeholder\n ","protected":false},"excerpt":{"rendered":"<p>Nagyb\u00f6jti lelki napot szervezett az IPC a Transznacion\u00e1lis egy\u00fcttm\u0171k\u00f6d\u00e9s keret\u00e9ben. A nagyb\u00f6jti lelki nap k\u00e9t t\u00e9m\u00e1t vetett fel a r\u00e9sztvev\u0151 fiatalok sz\u00e1m\u00e1ra. Az egyik t\u00e9ma a lemond\u00e1s volt, amely kifejezetten a nagyb\u00f6jti lemond\u00e1sok sokf\u00e9les\u00e9g\u00e9re ir\u00e1nyult. M\u00edg a nap m\u00e1sik k\u00f6zponti t\u00e9m\u00e1ja a megv\u00e1lt\u00e1s volt. A fiataloknak Pubi &#8211; azaz Utcai R\u00f3bert -atya tartott \u00e9rdekes \u00e9s&hellip; <br \/> <a class=\"read-more\" href=\"https:\/\/ipcszeged.hu\/index.php\/2019\/04\/03\/tarjatok-ki-ti-is-a-szivetek\/\">Read more<\/a><\/p>\n","protected":false},"author":1,"featured_media":15846,"comment_status":"closed","ping_status":"open","sticky":false,"template":"","format":"standard","meta":{"ngg_post_thumbnail":0,"footnotes":""},"categories":[1],"tags":[],"class_list":["post-15835","post","type-post","status-publish","format-standard","has-post-thumbnail","hentry","category-egyeb"],"_links":{"self":[{"href":"https:\/\/ipcszeged.hu\/index.php\/wp-json\/wp\/v2\/posts\/15835","targetHints":{"allow":["GET"]}}],"collection":[{"href":"https:\/\/ipcszeged.hu\/index.php\/wp-json\/wp\/v2\/posts"}],"about":[{"href":"https:\/\/ipcszeged.hu\/index.php\/wp-json\/wp\/v2\/types\/post"}],"author":[{"embeddable":true,"href":"https:\/\/ipcszeged.hu\/index.php\/wp-json\/wp\/v2\/users\/1"}],"replies":[{"embeddable":true,"href":"https:\/\/ipcszeged.hu\/index.php\/wp-json\/wp\/v2\/comments?post=15835"}],"version-history":[{"count":1,"href":"https:\/\/ipcszeged.hu\/index.php\/wp-json\/wp\/v2\/posts\/15835\/revisions"}],"predecessor-version":[{"id":15847,"href":"https:\/\/ipcszeged.hu\/index.php\/wp-json\/wp\/v2\/posts\/15835\/revisions\/15847"}],"wp:featuredmedia":[{"embeddable":true,"href":"https:\/\/ipcszeged.hu\/index.php\/wp-json\/wp\/v2\/media\/15846"}],"wp:attachment":[{"href":"https:\/\/ipcszeged.hu\/index.php\/wp-json\/wp\/v2\/media?parent=15835"}],"wp:term":[{"taxonomy":"category","embeddable":true,"href":"https:\/\/ipcszeged.hu\/index.php\/wp-json\/wp\/v2\/categories?post=15835"},{"taxonomy":"post_tag","embeddable":true,"href":"https:\/\/ipcszeged.hu\/index.php\/wp-json\/wp\/v2\/tags?post=15835"}],"curies":[{"name":"wp","href":"https:\/\/api.w.org\/{rel}","templated":true}]}}