{"id":15828,"date":"2019-04-03T08:29:34","date_gmt":"2019-04-03T08:29:34","guid":{"rendered":"http:\/\/www.ipcszeged.hu\/?p=15828"},"modified":"2019-04-03T08:29:35","modified_gmt":"2019-04-03T08:29:35","slug":"ez-sem-egy-atlagos-nyarnak-indul","status":"publish","type":"post","link":"https:\/\/ipcszeged.hu\/index.php\/2019\/04\/03\/ez-sem-egy-atlagos-nyarnak-indul\/","title":{"rendered":"Ez sem egy \u00e1tlagos ny\u00e1rnak indul"},"content":{"rendered":"<h3><strong>F\u00e9rfinek \u00e9s N\u0151nek &#8230;&#8230;<\/strong><\/h3>\n<h3 style=\"text-align: center;\">Te k\u00e9sz\u00fclsz m\u00e1r?<\/h3>\n<h3>XVI. Egyh\u00e1zmegyei Ny\u00e1ri T\u00e1bor<\/h3>\n<h3 style=\"text-align: right;\">2019. j\u00fanius 24-30.<\/h3>\n<p>&nbsp;<\/p>\n\n\n<figure class=\"wp-block-video\"><video height=\"720\" style=\"aspect-ratio: 1280 \/ 720;\" width=\"1280\" autoplay controls loop preload=\"auto\" src=\"http:\/\/www.ipcszeged.hu\/wp-content\/uploads\/2019\/04\/720p.mov\"><\/video><\/figure>\n ","protected":false},"excerpt":{"rendered":"<p>F\u00e9rfinek \u00e9s N\u0151nek &#8230;&#8230; Te k\u00e9sz\u00fclsz m\u00e1r? XVI. Egyh\u00e1zmegyei Ny\u00e1ri T\u00e1bor 2019. j\u00fanius 24-30. &nbsp;<\/p>\n","protected":false},"author":1,"featured_media":15832,"comment_status":"closed","ping_status":"open","sticky":false,"template":"","format":"standard","meta":{"ngg_post_thumbnail":0,"footnotes":""},"categories":[1],"tags":[],"class_list":["post-15828","post","type-post","status-publish","format-standard","has-post-thumbnail","hentry","category-egyeb"],"_links":{"self":[{"href":"https:\/\/ipcszeged.hu\/index.php\/wp-json\/wp\/v2\/posts\/15828","targetHints":{"allow":["GET"]}}],"collection":[{"href":"https:\/\/ipcszeged.hu\/index.php\/wp-json\/wp\/v2\/posts"}],"about":[{"href":"https:\/\/ipcszeged.hu\/index.php\/wp-json\/wp\/v2\/types\/post"}],"author":[{"embeddable":true,"href":"https:\/\/ipcszeged.hu\/index.php\/wp-json\/wp\/v2\/users\/1"}],"replies":[{"embeddable":true,"href":"https:\/\/ipcszeged.hu\/index.php\/wp-json\/wp\/v2\/comments?post=15828"}],"version-history":[{"count":3,"href":"https:\/\/ipcszeged.hu\/index.php\/wp-json\/wp\/v2\/posts\/15828\/revisions"}],"predecessor-version":[{"id":15833,"href":"https:\/\/ipcszeged.hu\/index.php\/wp-json\/wp\/v2\/posts\/15828\/revisions\/15833"}],"wp:featuredmedia":[{"embeddable":true,"href":"https:\/\/ipcszeged.hu\/index.php\/wp-json\/wp\/v2\/media\/15832"}],"wp:attachment":[{"href":"https:\/\/ipcszeged.hu\/index.php\/wp-json\/wp\/v2\/media?parent=15828"}],"wp:term":[{"taxonomy":"category","embeddable":true,"href":"https:\/\/ipcszeged.hu\/index.php\/wp-json\/wp\/v2\/categories?post=15828"},{"taxonomy":"post_tag","embeddable":true,"href":"https:\/\/ipcszeged.hu\/index.php\/wp-json\/wp\/v2\/tags?post=15828"}],"curies":[{"name":"wp","href":"https:\/\/api.w.org\/{rel}","templated":true}]}}