{"id":15782,"date":"2019-04-01T21:39:47","date_gmt":"2019-04-01T21:39:47","guid":{"rendered":"http:\/\/www.ipcszeged.hu\/?p=15782"},"modified":"2019-04-02T06:35:59","modified_gmt":"2019-04-02T06:35:59","slug":"egy-hete-zarult-a-tesz-vesz-tavasz","status":"publish","type":"post","link":"https:\/\/ipcszeged.hu\/index.php\/2019\/04\/01\/egy-hete-zarult-a-tesz-vesz-tavasz\/","title":{"rendered":"Egy hete z\u00e1rult a Tesz- Vesz Tavasz"},"content":{"rendered":"<div id=\"m8908350041833616068\" class=\"mail-message expanded\">\n<div class=\"mail-message-header spacer\" style=\"text-align: center;\">&nbsp;<\/div>\n<div class=\"mail-message-content collapsible zoom-normal mail-show-images \" style=\"text-align: center;\">\n<div class=\"clear\">\n<div dir=\"auto\" style=\"text-align: justify;\">A Szeged \u2013 Csan\u00e1di Egyh\u00e1zmegye Ifj\u00fas\u00e1gpasztor\u00e1ci\u00f3s Irod\u00e1ja m\u00e1rcius 18-24. k\u00f6z\u00f6tt szervezte meg a Tesz-Vesz Tavaszt, amely m\u00e1r 12 \u00e9ve \u00f6nk\u00e9ntes szolg\u00e1latra h\u00edvja a fiatalokat, a feln\u0151tteket, pl\u00e9b\u00e1ni\u00e1kat \u00e9s az oktat\u00e1si int\u00e9zm\u00e9nyeket. A program c\u00e9lja, hogy meger\u0151s\u00edtsen mindenkit a teremtett vil\u00e1g\u00e9rt \u00e9rzett felel\u0151ss\u00e9g\u00e9ben, \u00e9s&nbsp; &nbsp;k\u00f6rnyezet\u00e9ben mindenki \u00e9szre vegye mindazt, amin kell \u00e9s tud is v\u00e1ltoztatni. Az egyes csoportok saj\u00e1t projekttel regisztr\u00e1lhattak melyek k\u00f6z\u00f6tt id\u00e9n is magas sz\u00e1mban a szabad t\u00e9rben, parkokban \u00e9s az iskol\u00e1kban v\u00e9gzett munk\u00e1k voltak t\u00f6bbs\u00e9gben. Emellett sz\u00e9p sz\u00e1mban jelentkeztek olyan fiatalok is, akik kultur\u00e1lis vagy szoci\u00e1lis tev\u00e9kenys\u00e9geket v\u00e1llaltak \u00e9s ebben igyekeztek meg\u00e9lni az \u00f6nk\u00e9ntes szolg\u00e1lat \u00f6r\u00f6m\u00e9t. Az idei \u00e9v kiemelt esem\u00e9nyei k\u00f6z\u00f6tt sz\u00fcks\u00e9ges megeml\u00edteni a b\u00e9k\u00e9scsabai Savio Szent Domonkos Katolikus \u00c1ltal\u00e1nos Iskol\u00e1t, ahol egy eg\u00e9sz h\u00e9ten \u00e1t tart\u00f3 tematikus hetet szerveztek, amelyben megsz\u00e9p\u00fclt az iskola udvara, megtisztult j\u00f3 n\u00e9h\u00e1ny utca \u00e9s gazdagabb lett a v\u00e1ros n\u00e9h\u00e1ny \u00faj facsemet\u00e9vel. Tov\u00e1bb\u00e1 az orosh\u00e1zi E\u00f6tv\u00f6s J\u00f3zsef Katolikus \u00d3vod\u00e1r\u00f3l sem szabad megfeledkezn\u00fcnk, akik \u00e9vr\u0151l \u00e9vre sz\u00ednvonalas m\u0171sorukkal csatlakoznak a Tesz Vesz Tavaszhoz. Id\u00e9n 4200 f\u0151 k\u00f6zel 50 telep\u00fcl\u00e9sen 70 projektet val\u00f3s\u00edtott meg a program sor\u00e1n.<\/div>\n<\/div>\n<\/div>\n<div class=\"mail-message-footer spacer collapsible\" style=\"text-align: center;\">&nbsp;<\/div>\n<\/div>\n<div id=\"conversation-footer\" class=\"spacer\" style=\"text-align: center;\">&nbsp;<\/div>\n\n\nngg_shortcode_0_placeholder\n ","protected":false},"excerpt":{"rendered":"<p>&nbsp; A Szeged \u2013 Csan\u00e1di Egyh\u00e1zmegye Ifj\u00fas\u00e1gpasztor\u00e1ci\u00f3s Irod\u00e1ja m\u00e1rcius 18-24. k\u00f6z\u00f6tt szervezte meg a Tesz-Vesz Tavaszt, amely m\u00e1r 12 \u00e9ve \u00f6nk\u00e9ntes szolg\u00e1latra h\u00edvja a fiatalokat, a feln\u0151tteket, pl\u00e9b\u00e1ni\u00e1kat \u00e9s az oktat\u00e1si int\u00e9zm\u00e9nyeket. A program c\u00e9lja, hogy meger\u0151s\u00edtsen mindenkit a teremtett vil\u00e1g\u00e9rt \u00e9rzett felel\u0151ss\u00e9g\u00e9ben, \u00e9s&nbsp; &nbsp;k\u00f6rnyezet\u00e9ben mindenki \u00e9szre vegye mindazt, amin kell \u00e9s tud is v\u00e1ltoztatni.&hellip; <br \/> <a class=\"read-more\" href=\"https:\/\/ipcszeged.hu\/index.php\/2019\/04\/01\/egy-hete-zarult-a-tesz-vesz-tavasz\/\">Read more<\/a><\/p>\n","protected":false},"author":1,"featured_media":15799,"comment_status":"closed","ping_status":"open","sticky":false,"template":"","format":"standard","meta":{"ngg_post_thumbnail":0,"footnotes":""},"categories":[1],"tags":[],"class_list":["post-15782","post","type-post","status-publish","format-standard","has-post-thumbnail","hentry","category-egyeb"],"_links":{"self":[{"href":"https:\/\/ipcszeged.hu\/index.php\/wp-json\/wp\/v2\/posts\/15782","targetHints":{"allow":["GET"]}}],"collection":[{"href":"https:\/\/ipcszeged.hu\/index.php\/wp-json\/wp\/v2\/posts"}],"about":[{"href":"https:\/\/ipcszeged.hu\/index.php\/wp-json\/wp\/v2\/types\/post"}],"author":[{"embeddable":true,"href":"https:\/\/ipcszeged.hu\/index.php\/wp-json\/wp\/v2\/users\/1"}],"replies":[{"embeddable":true,"href":"https:\/\/ipcszeged.hu\/index.php\/wp-json\/wp\/v2\/comments?post=15782"}],"version-history":[{"count":2,"href":"https:\/\/ipcszeged.hu\/index.php\/wp-json\/wp\/v2\/posts\/15782\/revisions"}],"predecessor-version":[{"id":15801,"href":"https:\/\/ipcszeged.hu\/index.php\/wp-json\/wp\/v2\/posts\/15782\/revisions\/15801"}],"wp:featuredmedia":[{"embeddable":true,"href":"https:\/\/ipcszeged.hu\/index.php\/wp-json\/wp\/v2\/media\/15799"}],"wp:attachment":[{"href":"https:\/\/ipcszeged.hu\/index.php\/wp-json\/wp\/v2\/media?parent=15782"}],"wp:term":[{"taxonomy":"category","embeddable":true,"href":"https:\/\/ipcszeged.hu\/index.php\/wp-json\/wp\/v2\/categories?post=15782"},{"taxonomy":"post_tag","embeddable":true,"href":"https:\/\/ipcszeged.hu\/index.php\/wp-json\/wp\/v2\/tags?post=15782"}],"curies":[{"name":"wp","href":"https:\/\/api.w.org\/{rel}","templated":true}]}}