{"id":15739,"date":"2019-03-05T09:38:36","date_gmt":"2019-03-05T09:38:36","guid":{"rendered":"http:\/\/www.ipcszeged.hu\/?p=15739"},"modified":"2019-03-05T09:38:38","modified_gmt":"2019-03-05T09:38:38","slug":"misszios-kereszt-a-szeged-csanadi-egyhazmegyeben","status":"publish","type":"post","link":"https:\/\/ipcszeged.hu\/index.php\/2019\/03\/05\/misszios-kereszt-a-szeged-csanadi-egyhazmegyeben\/","title":{"rendered":"Misszi\u00f3s Kereszt a Szeged-Csan\u00e1di Egyh\u00e1zmegy\u00e9ben"},"content":{"rendered":"<p><a href=\"http:\/\/www.ipcszeged.hu\/wp-content\/uploads\/2019\/03\/NEK-Kereszt-plakat-page-001.jpg\"><img loading=\"lazy\" decoding=\"async\" class=\"aligncenter size-full wp-image-15740\" src=\"http:\/\/www.ipcszeged.hu\/wp-content\/uploads\/2019\/03\/NEK-Kereszt-plakat-page-001.jpg\" alt=\"\" width=\"3579\" height=\"5032\" srcset=\"https:\/\/ipcszeged.hu\/wp-content\/uploads\/2019\/03\/NEK-Kereszt-plakat-page-001.jpg 3579w, https:\/\/ipcszeged.hu\/wp-content\/uploads\/2019\/03\/NEK-Kereszt-plakat-page-001-107x150.jpg 107w, https:\/\/ipcszeged.hu\/wp-content\/uploads\/2019\/03\/NEK-Kereszt-plakat-page-001-213x300.jpg 213w, https:\/\/ipcszeged.hu\/wp-content\/uploads\/2019\/03\/NEK-Kereszt-plakat-page-001-768x1080.jpg 768w, https:\/\/ipcszeged.hu\/wp-content\/uploads\/2019\/03\/NEK-Kereszt-plakat-page-001-1024x1440.jpg 1024w\" sizes=\"auto, (max-width: 3579px) 100vw, 3579px\" \/><\/a><\/p>\n<p><a href=\"http:\/\/www.ipcszeged.hu\/wp-content\/uploads\/2019\/03\/Misszi\u00f3s-kereszt-sz\u00f3r\u00f3lap-page-002.jpg\"><img loading=\"lazy\" decoding=\"async\" class=\"aligncenter size-full wp-image-15741\" src=\"http:\/\/www.ipcszeged.hu\/wp-content\/uploads\/2019\/03\/Misszi\u00f3s-kereszt-sz\u00f3r\u00f3lap-page-002.jpg\" alt=\"\" width=\"1241\" height=\"1749\" srcset=\"https:\/\/ipcszeged.hu\/wp-content\/uploads\/2019\/03\/Misszi\u00f3s-kereszt-sz\u00f3r\u00f3lap-page-002.jpg 1241w, https:\/\/ipcszeged.hu\/wp-content\/uploads\/2019\/03\/Misszi\u00f3s-kereszt-sz\u00f3r\u00f3lap-page-002-106x150.jpg 106w, https:\/\/ipcszeged.hu\/wp-content\/uploads\/2019\/03\/Misszi\u00f3s-kereszt-sz\u00f3r\u00f3lap-page-002-213x300.jpg 213w, https:\/\/ipcszeged.hu\/wp-content\/uploads\/2019\/03\/Misszi\u00f3s-kereszt-sz\u00f3r\u00f3lap-page-002-768x1082.jpg 768w, https:\/\/ipcszeged.hu\/wp-content\/uploads\/2019\/03\/Misszi\u00f3s-kereszt-sz\u00f3r\u00f3lap-page-002-1024x1443.jpg 1024w, https:\/\/ipcszeged.hu\/wp-content\/uploads\/2019\/03\/Misszi\u00f3s-kereszt-sz\u00f3r\u00f3lap-page-002-766x1080.jpg 766w\" sizes=\"auto, (max-width: 1241px) 100vw, 1241px\" \/><\/a><\/p>\n ","protected":false},"excerpt":{"rendered":"","protected":false},"author":1,"featured_media":15740,"comment_status":"closed","ping_status":"open","sticky":false,"template":"","format":"standard","meta":{"ngg_post_thumbnail":0,"footnotes":""},"categories":[1],"tags":[],"class_list":["post-15739","post","type-post","status-publish","format-standard","has-post-thumbnail","hentry","category-egyeb"],"_links":{"self":[{"href":"https:\/\/ipcszeged.hu\/index.php\/wp-json\/wp\/v2\/posts\/15739","targetHints":{"allow":["GET"]}}],"collection":[{"href":"https:\/\/ipcszeged.hu\/index.php\/wp-json\/wp\/v2\/posts"}],"about":[{"href":"https:\/\/ipcszeged.hu\/index.php\/wp-json\/wp\/v2\/types\/post"}],"author":[{"embeddable":true,"href":"https:\/\/ipcszeged.hu\/index.php\/wp-json\/wp\/v2\/users\/1"}],"replies":[{"embeddable":true,"href":"https:\/\/ipcszeged.hu\/index.php\/wp-json\/wp\/v2\/comments?post=15739"}],"version-history":[{"count":1,"href":"https:\/\/ipcszeged.hu\/index.php\/wp-json\/wp\/v2\/posts\/15739\/revisions"}],"predecessor-version":[{"id":15742,"href":"https:\/\/ipcszeged.hu\/index.php\/wp-json\/wp\/v2\/posts\/15739\/revisions\/15742"}],"wp:featuredmedia":[{"embeddable":true,"href":"https:\/\/ipcszeged.hu\/index.php\/wp-json\/wp\/v2\/media\/15740"}],"wp:attachment":[{"href":"https:\/\/ipcszeged.hu\/index.php\/wp-json\/wp\/v2\/media?parent=15739"}],"wp:term":[{"taxonomy":"category","embeddable":true,"href":"https:\/\/ipcszeged.hu\/index.php\/wp-json\/wp\/v2\/categories?post=15739"},{"taxonomy":"post_tag","embeddable":true,"href":"https:\/\/ipcszeged.hu\/index.php\/wp-json\/wp\/v2\/tags?post=15739"}],"curies":[{"name":"wp","href":"https:\/\/api.w.org\/{rel}","templated":true}]}}