{"id":15735,"date":"2019-03-05T09:32:05","date_gmt":"2019-03-05T09:32:05","guid":{"rendered":"http:\/\/www.ipcszeged.hu\/?p=15735"},"modified":"2019-03-05T09:32:06","modified_gmt":"2019-03-05T09:32:06","slug":"ozsvari-csaba-a-misszios-kereszt-otvose","status":"publish","type":"post","link":"https:\/\/ipcszeged.hu\/index.php\/2019\/03\/05\/ozsvari-csaba-a-misszios-kereszt-otvose\/","title":{"rendered":"Ozsv\u00e1ri Csaba &#8211; A Misszi\u00f3s kereszt \u00f6tv\u00f6se"},"content":{"rendered":"<p style=\"text-align: justify;\">Nagy szeretettel h\u00edvnak \u00e9s v\u00e1rnak minden kedves \u00e9rdekl\u0151d\u0151t 2019. m\u00e1rcius 10. vas\u00e1rnap 16 \u00f3r\u00e1ra<\/p>\n<p style=\"text-align: justify;\">Ozsv\u00e1ri Csaba \u00f6tv\u00f6sm\u0171v\u00e9sz Misszi\u00f3s kereszt alkot\u00e1s\u00e1nak egyh\u00e1zmegy\u00e9nkbe \u00e9rkez\u00e9s\u00e9nek alkalm\u00e1b\u00f3l rendezett Hitvall\u00e1s c\u00edm\u0171 eml\u00e9kki\u00e1ll\u00edt\u00e1s\u00e1nak megnyit\u00f3j\u00e1ra.<\/p>\n<p><a href=\"http:\/\/www.ipcszeged.hu\/wp-content\/uploads\/2019\/03\/IMG_0555.jpg\"><img loading=\"lazy\" decoding=\"async\" class=\"aligncenter size-full wp-image-15736\" src=\"http:\/\/www.ipcszeged.hu\/wp-content\/uploads\/2019\/03\/IMG_0555.jpg\" alt=\"\" width=\"1240\" height=\"585\" srcset=\"https:\/\/ipcszeged.hu\/wp-content\/uploads\/2019\/03\/IMG_0555.jpg 1240w, https:\/\/ipcszeged.hu\/wp-content\/uploads\/2019\/03\/IMG_0555-150x71.jpg 150w, https:\/\/ipcszeged.hu\/wp-content\/uploads\/2019\/03\/IMG_0555-300x142.jpg 300w, https:\/\/ipcszeged.hu\/wp-content\/uploads\/2019\/03\/IMG_0555-768x362.jpg 768w, https:\/\/ipcszeged.hu\/wp-content\/uploads\/2019\/03\/IMG_0555-1024x483.jpg 1024w\" sizes=\"auto, (max-width: 1240px) 100vw, 1240px\" \/><\/a><\/p>\n ","protected":false},"excerpt":{"rendered":"<p>Nagy szeretettel h\u00edvnak \u00e9s v\u00e1rnak minden kedves \u00e9rdekl\u0151d\u0151t 2019. m\u00e1rcius 10. vas\u00e1rnap 16 \u00f3r\u00e1ra Ozsv\u00e1ri Csaba \u00f6tv\u00f6sm\u0171v\u00e9sz Misszi\u00f3s kereszt alkot\u00e1s\u00e1nak egyh\u00e1zmegy\u00e9nkbe \u00e9rkez\u00e9s\u00e9nek alkalm\u00e1b\u00f3l rendezett Hitvall\u00e1s c\u00edm\u0171 eml\u00e9kki\u00e1ll\u00edt\u00e1s\u00e1nak megnyit\u00f3j\u00e1ra.<\/p>\n","protected":false},"author":1,"featured_media":15737,"comment_status":"closed","ping_status":"open","sticky":false,"template":"","format":"standard","meta":{"ngg_post_thumbnail":0,"footnotes":""},"categories":[1],"tags":[],"class_list":["post-15735","post","type-post","status-publish","format-standard","has-post-thumbnail","hentry","category-egyeb"],"_links":{"self":[{"href":"https:\/\/ipcszeged.hu\/index.php\/wp-json\/wp\/v2\/posts\/15735","targetHints":{"allow":["GET"]}}],"collection":[{"href":"https:\/\/ipcszeged.hu\/index.php\/wp-json\/wp\/v2\/posts"}],"about":[{"href":"https:\/\/ipcszeged.hu\/index.php\/wp-json\/wp\/v2\/types\/post"}],"author":[{"embeddable":true,"href":"https:\/\/ipcszeged.hu\/index.php\/wp-json\/wp\/v2\/users\/1"}],"replies":[{"embeddable":true,"href":"https:\/\/ipcszeged.hu\/index.php\/wp-json\/wp\/v2\/comments?post=15735"}],"version-history":[{"count":1,"href":"https:\/\/ipcszeged.hu\/index.php\/wp-json\/wp\/v2\/posts\/15735\/revisions"}],"predecessor-version":[{"id":15738,"href":"https:\/\/ipcszeged.hu\/index.php\/wp-json\/wp\/v2\/posts\/15735\/revisions\/15738"}],"wp:featuredmedia":[{"embeddable":true,"href":"https:\/\/ipcszeged.hu\/index.php\/wp-json\/wp\/v2\/media\/15737"}],"wp:attachment":[{"href":"https:\/\/ipcszeged.hu\/index.php\/wp-json\/wp\/v2\/media?parent=15735"}],"wp:term":[{"taxonomy":"category","embeddable":true,"href":"https:\/\/ipcszeged.hu\/index.php\/wp-json\/wp\/v2\/categories?post=15735"},{"taxonomy":"post_tag","embeddable":true,"href":"https:\/\/ipcszeged.hu\/index.php\/wp-json\/wp\/v2\/tags?post=15735"}],"curies":[{"name":"wp","href":"https:\/\/api.w.org\/{rel}","templated":true}]}}