{"id":15705,"date":"2019-02-21T11:32:50","date_gmt":"2019-02-21T11:32:50","guid":{"rendered":"http:\/\/www.ipcszeged.hu\/?p=15705"},"modified":"2019-02-21T11:32:51","modified_gmt":"2019-02-21T11:32:51","slug":"face2face-eucharisztikus-imaest","status":"publish","type":"post","link":"https:\/\/ipcszeged.hu\/index.php\/2019\/02\/21\/face2face-eucharisztikus-imaest\/","title":{"rendered":"face2Face Eucharisztikus Imaest"},"content":{"rendered":"\n<p><em>&#8220;\u00d6nts\u00e9tek\nki el\u0151tte sz\u00edveteket, Isten a mi mened\u00e9k\u00fcnk.&#8221;<\/em> (Zsolt 62,9b) &#8211; mott\u00f3val\nrendeztek face2Face Eucharisztikus Imaestet a szegedi D\u00f3m L\u00e1togat\u00f3k\u00f6zpontban,\nahol k\u00f6zel sz\u00e1zhuszan vettek r\u00e9szt. Az est szervez\u0151je ez\u00fattal is a szegedi F\u00f6ld\nS\u00f3ja Karizmatikus Ifj\u00fas\u00e1gi K\u00f6z\u00f6ss\u00e9g volt, a zenei szolg\u00e1latot pedig a Szabad-ON\nkatolikus dics\u0151\u00edt\u0151 k\u00f6z\u00f6ss\u00e9g v\u00e9gezte.<\/p>\n\n\n\n<p>Az imaalkalom alatt Laczk\u00f3 Istv\u00e1n atya, mez\u0151ber\u00e9nyi\npl\u00e9b\u00e1nos tartott elm\u00e9lked\u00e9st. Arra h\u00edvta fel a jelenlev\u0151k figyelm\u00e9t, hogy mekkora\n\u00e1ld\u00e1sokkal teli az, amikor Isten el\u0151tt meg\u00e1llunk, megvalljuk gyenges\u00e9geinket,\n\u00e9s a b\u0171nb\u00e1natban r\u00e9szt vesz\u00fcnk. <em>\u201e\u0150 m\u00e1r\nismeri a b\u0171neinket, de mindezek ellen\u00e9ra arra b\u00edztat, hogy j\u00e1ruljunk Hozz\u00e1,\nhogy megtisztult sz\u00edvvel lehess\u00fcnk jelen a vil\u00e1gban.\u201d<\/em> &#8211; tan\u00edtott a\npl\u00e9b\u00e1nos. A face2Face imaest tan\u00fas\u00e1gtev\u0151je Kalm\u00e1r \u00c9va, a k\u00f6z\u00f6ss\u00e9g tagja volt, aki\narr\u00f3l besz\u00e9lt, hogy megv\u00e1ltozott az \u00e9lete egy szentgy\u00f3n\u00e1s alatt.<\/p>\n\n\n\n<p>A dics\u0151\u00edt\u00e9s \u00e9s Szents\u00e9gim\u00e1d\u00e1s alatt, v\u00e9gig lehet\u0151s\u00e9g\nvolt a szentgy\u00f3n\u00e1sra, amelynek az este folyam\u00e1n kiemelt szerepe volt.<\/p>\n ","protected":false},"excerpt":{"rendered":"<p>&#8220;\u00d6nts\u00e9tek ki el\u0151tte sz\u00edveteket, Isten a mi mened\u00e9k\u00fcnk.&#8221; (Zsolt 62,9b) &#8211; mott\u00f3val rendeztek face2Face Eucharisztikus Imaestet a szegedi D\u00f3m L\u00e1togat\u00f3k\u00f6zpontban, ahol k\u00f6zel sz\u00e1zhuszan vettek r\u00e9szt. Az est szervez\u0151je ez\u00fattal is a szegedi F\u00f6ld S\u00f3ja Karizmatikus Ifj\u00fas\u00e1gi K\u00f6z\u00f6ss\u00e9g volt, a zenei szolg\u00e1latot pedig a Szabad-ON katolikus dics\u0151\u00edt\u0151 k\u00f6z\u00f6ss\u00e9g v\u00e9gezte. Az imaalkalom alatt Laczk\u00f3 Istv\u00e1n atya, mez\u0151ber\u00e9nyi&hellip; <br \/> <a class=\"read-more\" href=\"https:\/\/ipcszeged.hu\/index.php\/2019\/02\/21\/face2face-eucharisztikus-imaest\/\">Read more<\/a><\/p>\n","protected":false},"author":1,"featured_media":15683,"comment_status":"closed","ping_status":"open","sticky":false,"template":"","format":"standard","meta":{"ngg_post_thumbnail":0,"footnotes":""},"categories":[1],"tags":[],"class_list":["post-15705","post","type-post","status-publish","format-standard","has-post-thumbnail","hentry","category-egyeb"],"_links":{"self":[{"href":"https:\/\/ipcszeged.hu\/index.php\/wp-json\/wp\/v2\/posts\/15705","targetHints":{"allow":["GET"]}}],"collection":[{"href":"https:\/\/ipcszeged.hu\/index.php\/wp-json\/wp\/v2\/posts"}],"about":[{"href":"https:\/\/ipcszeged.hu\/index.php\/wp-json\/wp\/v2\/types\/post"}],"author":[{"embeddable":true,"href":"https:\/\/ipcszeged.hu\/index.php\/wp-json\/wp\/v2\/users\/1"}],"replies":[{"embeddable":true,"href":"https:\/\/ipcszeged.hu\/index.php\/wp-json\/wp\/v2\/comments?post=15705"}],"version-history":[{"count":1,"href":"https:\/\/ipcszeged.hu\/index.php\/wp-json\/wp\/v2\/posts\/15705\/revisions"}],"predecessor-version":[{"id":15706,"href":"https:\/\/ipcszeged.hu\/index.php\/wp-json\/wp\/v2\/posts\/15705\/revisions\/15706"}],"wp:featuredmedia":[{"embeddable":true,"href":"https:\/\/ipcszeged.hu\/index.php\/wp-json\/wp\/v2\/media\/15683"}],"wp:attachment":[{"href":"https:\/\/ipcszeged.hu\/index.php\/wp-json\/wp\/v2\/media?parent=15705"}],"wp:term":[{"taxonomy":"category","embeddable":true,"href":"https:\/\/ipcszeged.hu\/index.php\/wp-json\/wp\/v2\/categories?post=15705"},{"taxonomy":"post_tag","embeddable":true,"href":"https:\/\/ipcszeged.hu\/index.php\/wp-json\/wp\/v2\/tags?post=15705"}],"curies":[{"name":"wp","href":"https:\/\/api.w.org\/{rel}","templated":true}]}}