{"id":15699,"date":"2019-02-21T10:22:23","date_gmt":"2019-02-21T10:22:23","guid":{"rendered":"http:\/\/www.ipcszeged.hu\/?p=15699"},"modified":"2019-02-21T10:22:24","modified_gmt":"2019-02-21T10:22:24","slug":"tanulmanyi-napok-pannonhalman","status":"publish","type":"post","link":"https:\/\/ipcszeged.hu\/index.php\/2019\/02\/21\/tanulmanyi-napok-pannonhalman\/","title":{"rendered":"Tanulm\u00e1nyi napok Pannonhalm\u00e1n"},"content":{"rendered":"<p style=\"text-align: justify;\">2019. febru\u00e1r 18-20. k\u00f6z\u00f6tt ker\u00fclt megszervez\u00e9sre az MKPK Ifj\u00fas\u00e1gi Bizotts\u00e1g tan\u00e1csad\u00f3 test\u00fclet\u00e9nek \u00e9ves tanulm\u00e1nyi napjai. Ez alkalommal a Pannonhalmi F\u0151ap\u00e1ts\u00e1g l\u00e1tott vend\u00e9g\u00fcl benn\u00fcnket. A h\u00e1rom nap sor\u00e1n tartott el\u0151ad\u00e1sok, tapasztalat cser\u00e9k \u00e9s kiscsoportos besz\u00e9lget\u00e9sek az ifj\u00fas\u00e1gi szin\u00f3dus kapcs\u00e1n felvetett k\u00e9rd\u00e9seket taglalta. Cirill F\u0151ap\u00e1t k\u00f6sz\u00f6nt\u00e9s\u00e9t k\u00f6vet\u0151en az els\u0151 nap egy \u00e1tfog\u00f3 r\u00e1l\u00e1t\u00e1st nyerhettek a r\u00e9sztvev\u0151k a szin\u00f3dusi el\u0151k\u00e9sz\u00edt\u0151dokumentum tartalm\u00e1r\u00f3l, melyet Pal\u00e1nki Ferenc debrecen-ny\u00edregyh\u00e1zi megy\u00e9s p\u00fcsp\u00f6kt\u0151l hallhattak az ott megjelentek. A m\u00e1sodik napon a r\u00e9sztvev\u0151k megismerhett\u00e9k a benc\u00e9sek \u00e9s a piarist\u00e1k nevel\u00e9si \u00e9s fiatalokat beh\u00edv\u00f3 strat\u00e9gi\u00e1it, illetve a k\u00eds\u00e9r\u00e9s k\u00e9rd\u00e9s\u00e9ben is t\u00f6bb szempontot kaphattak, amely seg\u00edthet a pasztor\u00e1ci\u00f3s munka hat\u00e9konys\u00e1g\u00e1nak n\u00f6vel\u00e9s\u00e9ben. A napot a vesperas \u00e9s a k\u00f6z\u00f6s vacsora ut\u00e1n egy bork\u00f3stol\u00f3val z\u00e1rt\u00e1k, Cirill f\u0151ap\u00e1t vezet\u00e9s\u00e9vel. A harmadik nap sor\u00e1n pedig a pasztor\u00e1lis tervez\u00e9sr\u0151l \u00e9s annak l\u00e9p\u00e9seir\u0151l hallhattak el\u0151ad\u00e1st az orsz\u00e1g ifj\u00fas\u00e1gi referensei \u00e9s munkat\u00e1rsaik.<\/p>\n ","protected":false},"excerpt":{"rendered":"<p>2019. febru\u00e1r 18-20. k\u00f6z\u00f6tt ker\u00fclt megszervez\u00e9sre az MKPK Ifj\u00fas\u00e1gi Bizotts\u00e1g tan\u00e1csad\u00f3 test\u00fclet\u00e9nek \u00e9ves tanulm\u00e1nyi napjai. Ez alkalommal a Pannonhalmi F\u0151ap\u00e1ts\u00e1g l\u00e1tott vend\u00e9g\u00fcl benn\u00fcnket. A h\u00e1rom nap sor\u00e1n tartott el\u0151ad\u00e1sok, tapasztalat cser\u00e9k \u00e9s kiscsoportos besz\u00e9lget\u00e9sek az ifj\u00fas\u00e1gi szin\u00f3dus kapcs\u00e1n felvetett k\u00e9rd\u00e9seket taglalta. Cirill F\u0151ap\u00e1t k\u00f6sz\u00f6nt\u00e9s\u00e9t k\u00f6vet\u0151en az els\u0151 nap egy \u00e1tfog\u00f3 r\u00e1l\u00e1t\u00e1st nyerhettek a r\u00e9sztvev\u0151k a&hellip; <br \/> <a class=\"read-more\" href=\"https:\/\/ipcszeged.hu\/index.php\/2019\/02\/21\/tanulmanyi-napok-pannonhalman\/\">Read more<\/a><\/p>\n","protected":false},"author":1,"featured_media":15700,"comment_status":"closed","ping_status":"open","sticky":false,"template":"","format":"standard","meta":{"ngg_post_thumbnail":0,"footnotes":""},"categories":[1],"tags":[],"class_list":["post-15699","post","type-post","status-publish","format-standard","has-post-thumbnail","hentry","category-egyeb"],"_links":{"self":[{"href":"https:\/\/ipcszeged.hu\/index.php\/wp-json\/wp\/v2\/posts\/15699","targetHints":{"allow":["GET"]}}],"collection":[{"href":"https:\/\/ipcszeged.hu\/index.php\/wp-json\/wp\/v2\/posts"}],"about":[{"href":"https:\/\/ipcszeged.hu\/index.php\/wp-json\/wp\/v2\/types\/post"}],"author":[{"embeddable":true,"href":"https:\/\/ipcszeged.hu\/index.php\/wp-json\/wp\/v2\/users\/1"}],"replies":[{"embeddable":true,"href":"https:\/\/ipcszeged.hu\/index.php\/wp-json\/wp\/v2\/comments?post=15699"}],"version-history":[{"count":1,"href":"https:\/\/ipcszeged.hu\/index.php\/wp-json\/wp\/v2\/posts\/15699\/revisions"}],"predecessor-version":[{"id":15701,"href":"https:\/\/ipcszeged.hu\/index.php\/wp-json\/wp\/v2\/posts\/15699\/revisions\/15701"}],"wp:featuredmedia":[{"embeddable":true,"href":"https:\/\/ipcszeged.hu\/index.php\/wp-json\/wp\/v2\/media\/15700"}],"wp:attachment":[{"href":"https:\/\/ipcszeged.hu\/index.php\/wp-json\/wp\/v2\/media?parent=15699"}],"wp:term":[{"taxonomy":"category","embeddable":true,"href":"https:\/\/ipcszeged.hu\/index.php\/wp-json\/wp\/v2\/categories?post=15699"},{"taxonomy":"post_tag","embeddable":true,"href":"https:\/\/ipcszeged.hu\/index.php\/wp-json\/wp\/v2\/tags?post=15699"}],"curies":[{"name":"wp","href":"https:\/\/api.w.org\/{rel}","templated":true}]}}