{"id":15694,"date":"2019-02-13T12:00:12","date_gmt":"2019-02-13T12:00:12","guid":{"rendered":"http:\/\/www.ipcszeged.hu\/?p=15694"},"modified":"2019-02-21T10:27:34","modified_gmt":"2019-02-21T10:27:34","slug":"a-kero-imadsag-a-hit-es-a-remeny","status":"publish","type":"post","link":"https:\/\/ipcszeged.hu\/index.php\/2019\/02\/13\/a-kero-imadsag-a-hit-es-a-remeny\/","title":{"rendered":"A k\u00e9r\u0151 im\u00e1ds\u00e1g, a hit \u00e9s a rem\u00e9ny"},"content":{"rendered":"<h3 style=\"text-align: center;\">Szents\u00e9gim\u00e1d\u00e1s Iskol\u00e1ja 3.<br \/>\n============================<br \/>\nEl\u0151ad\u00f3: Dr. Versegi Be\u00e1ta M\u00e1ria CB<br \/>\n============================<br \/>\n<span class=\"_5mfr\"><span class=\"_6qdm\"><img decoding=\"async\" class=\"emoji\" draggable=\"false\" src=\"https:\/\/s.w.org\/images\/core\/emoji\/11\/svg\/23f0.svg\" alt=\"\u23f0\"><\/span><\/span>&nbsp;18:00 Szentmise (D\u00f3m)<span class=\"text_exposed_show\"><br \/>\n<span class=\"_5mfr\"><span class=\"_6qdm\"><img decoding=\"async\" class=\"emoji\" draggable=\"false\" src=\"https:\/\/s.w.org\/images\/core\/emoji\/11\/svg\/27a1.svg\" alt=\"\u27a1\ufe0f\"><\/span><\/span>&nbsp;18:45 III. El\u0151ad\u00e1s \u201cA k\u00e9r\u0151 im\u00e1ds\u00e1g, a hit \u00e9s a rem\u00e9ny\u201d<br \/>\n<span class=\"_5mfr\"><span class=\"_6qdm\"><img decoding=\"async\" class=\"emoji\" draggable=\"false\" src=\"https:\/\/s.w.org\/images\/core\/emoji\/11\/svg\/1f506.svg\" alt=\"?\"><\/span><\/span>&nbsp;Szents\u00e9gim\u00e1d\u00e1s&nbsp;<br \/>\n<span class=\"_5mfr\"><span class=\"_6qdm\"><img decoding=\"async\" class=\"emoji\" draggable=\"false\" src=\"https:\/\/s.w.org\/images\/core\/emoji\/11\/svg\/23f0.svg\" alt=\"\u23f0\"><\/span><\/span>&nbsp;19:30 \u00c1ld\u00e1s<br \/>\n============================<br \/>\nGyere, v\u00e1runk<span class=\"_5mfr\"><span class=\"_6qdm\"><img decoding=\"async\" class=\"emoji\" draggable=\"false\" src=\"https:\/\/s.w.org\/images\/core\/emoji\/11\/svg\/2757.svg\" alt=\"\u2757\ufe0f\"><\/span><\/span><\/span><\/h3>\n<p><img loading=\"lazy\" decoding=\"async\" class=\"aligncenter size-full wp-image-15696\" src=\"http:\/\/www.ipcszeged.hu\/wp-content\/uploads\/2019\/02\/Szentsegimadas-iskolaja-Szeged-plakat-2019-03-01-page-001.jpg\" alt=\"\" width=\"3579\" height=\"5032\" srcset=\"https:\/\/ipcszeged.hu\/wp-content\/uploads\/2019\/02\/Szentsegimadas-iskolaja-Szeged-plakat-2019-03-01-page-001.jpg 3579w, https:\/\/ipcszeged.hu\/wp-content\/uploads\/2019\/02\/Szentsegimadas-iskolaja-Szeged-plakat-2019-03-01-page-001-107x150.jpg 107w, https:\/\/ipcszeged.hu\/wp-content\/uploads\/2019\/02\/Szentsegimadas-iskolaja-Szeged-plakat-2019-03-01-page-001-213x300.jpg 213w, https:\/\/ipcszeged.hu\/wp-content\/uploads\/2019\/02\/Szentsegimadas-iskolaja-Szeged-plakat-2019-03-01-page-001-768x1080.jpg 768w, https:\/\/ipcszeged.hu\/wp-content\/uploads\/2019\/02\/Szentsegimadas-iskolaja-Szeged-plakat-2019-03-01-page-001-1024x1440.jpg 1024w\" sizes=\"auto, (max-width: 3579px) 100vw, 3579px\" \/><\/p>\n ","protected":false},"excerpt":{"rendered":"<p>Szents\u00e9gim\u00e1d\u00e1s Iskol\u00e1ja 3. ============================ El\u0151ad\u00f3: Dr. Versegi Be\u00e1ta M\u00e1ria CB ============================ &nbsp;18:00 Szentmise (D\u00f3m) &nbsp;18:45 III. El\u0151ad\u00e1s \u201cA k\u00e9r\u0151 im\u00e1ds\u00e1g, a hit \u00e9s a rem\u00e9ny\u201d &nbsp;Szents\u00e9gim\u00e1d\u00e1s&nbsp; &nbsp;19:30 \u00c1ld\u00e1s ============================ Gyere, v\u00e1runk<\/p>\n","protected":false},"author":1,"featured_media":15696,"comment_status":"closed","ping_status":"open","sticky":false,"template":"","format":"standard","meta":{"ngg_post_thumbnail":0,"footnotes":""},"categories":[1],"tags":[],"class_list":["post-15694","post","type-post","status-publish","format-standard","has-post-thumbnail","hentry","category-egyeb"],"_links":{"self":[{"href":"https:\/\/ipcszeged.hu\/index.php\/wp-json\/wp\/v2\/posts\/15694","targetHints":{"allow":["GET"]}}],"collection":[{"href":"https:\/\/ipcszeged.hu\/index.php\/wp-json\/wp\/v2\/posts"}],"about":[{"href":"https:\/\/ipcszeged.hu\/index.php\/wp-json\/wp\/v2\/types\/post"}],"author":[{"embeddable":true,"href":"https:\/\/ipcszeged.hu\/index.php\/wp-json\/wp\/v2\/users\/1"}],"replies":[{"embeddable":true,"href":"https:\/\/ipcszeged.hu\/index.php\/wp-json\/wp\/v2\/comments?post=15694"}],"version-history":[{"count":2,"href":"https:\/\/ipcszeged.hu\/index.php\/wp-json\/wp\/v2\/posts\/15694\/revisions"}],"predecessor-version":[{"id":15702,"href":"https:\/\/ipcszeged.hu\/index.php\/wp-json\/wp\/v2\/posts\/15694\/revisions\/15702"}],"wp:featuredmedia":[{"embeddable":true,"href":"https:\/\/ipcszeged.hu\/index.php\/wp-json\/wp\/v2\/media\/15696"}],"wp:attachment":[{"href":"https:\/\/ipcszeged.hu\/index.php\/wp-json\/wp\/v2\/media?parent=15694"}],"wp:term":[{"taxonomy":"category","embeddable":true,"href":"https:\/\/ipcszeged.hu\/index.php\/wp-json\/wp\/v2\/categories?post=15694"},{"taxonomy":"post_tag","embeddable":true,"href":"https:\/\/ipcszeged.hu\/index.php\/wp-json\/wp\/v2\/tags?post=15694"}],"curies":[{"name":"wp","href":"https:\/\/api.w.org\/{rel}","templated":true}]}}