{"id":15677,"date":"2019-02-11T10:15:22","date_gmt":"2019-02-11T10:15:22","guid":{"rendered":"http:\/\/www.ipcszeged.hu\/?p=15677"},"modified":"2019-02-11T11:39:04","modified_gmt":"2019-02-11T11:39:04","slug":"vitorla-kozossegvezeto-kepzo-lelkigyakorlat-tahiban","status":"publish","type":"post","link":"https:\/\/ipcszeged.hu\/index.php\/2019\/02\/11\/vitorla-kozossegvezeto-kepzo-lelkigyakorlat-tahiban\/","title":{"rendered":"Vitorla k\u00f6z\u00f6ss\u00e9gvezet\u0151-k\u00e9pz\u0151 lelkigyakorlat Tahiban"},"content":{"rendered":"\n<p><\/p>\n\n\n<p style=\"text-align: justify;\">A Szeged-Csan\u00e1di Egyh\u00e1zmegye Ifj\u00fas\u00e1gpasztor\u00e1ci\u00f3s Irod\u00e1ja \u00e1ltal szervezett Vitorla k\u00f6z\u00f6ss\u00e9gvezet\u0151-k\u00e9pz\u0151 2019. febru\u00e1r 08-10. k\u00f6z\u00f6tt szervez\u0151d\u00f6tt meg Istenkapcsolat c\u00edmmel.<\/p>\n<p style=\"text-align: justify;\">&#8220;A k\u00f6z\u00f6ss\u00e9gvezet\u0151k elm\u00e9ly\u00fcl\u00e9se \u00e9s ima\u00e9lete fontos a k\u00f6z\u00f6ss\u00e9gi kapcsolatok \u00e9let\u00e9ben.&#8221; &#8211; fogalmazta meg M\u00e9zinger Gabriella, a lelkigyakorlatot tart\u00f3 n\u0151v\u00e9rt.<\/p>\n<p style=\"text-align: justify;\">A fiatalok betekint\u00e9st nyertek egy h\u00e9tv\u00e9g\u00e9n kereszt\u00fcl az Ign\u00e1ci hagyom\u00e1nyokra \u00e9p\u00fcl\u0151 k\u00fcl\u00f6nleges imam\u00f3dba, amelynek l\u00e9nyeges eleme a csend \u00e9s az abban rejl\u0151 Isten, aki \u00edgy akar hozz\u00e1nk sz\u00f3lni. Ennek az imam\u00f3dnak egyik k\u00fcl\u00f6nleges eleme a term\u00e9szettel val\u00f3 kapcsolat, hiszen a teremtett k\u00f6rnyezetben fizikailag is megtal\u00e1lhat\u00f3 Isten jelenl\u00e9te.<\/p> ","protected":false},"excerpt":{"rendered":"<p>A Szeged-Csan\u00e1di Egyh\u00e1zmegye Ifj\u00fas\u00e1gpasztor\u00e1ci\u00f3s Irod\u00e1ja \u00e1ltal szervezett Vitorla k\u00f6z\u00f6ss\u00e9gvezet\u0151-k\u00e9pz\u0151 2019. febru\u00e1r 08-10. k\u00f6z\u00f6tt szervez\u0151d\u00f6tt meg Istenkapcsolat c\u00edmmel. &#8220;A k\u00f6z\u00f6ss\u00e9gvezet\u0151k elm\u00e9ly\u00fcl\u00e9se \u00e9s ima\u00e9lete fontos a k\u00f6z\u00f6ss\u00e9gi kapcsolatok \u00e9let\u00e9ben.&#8221; &#8211; fogalmazta meg M\u00e9zinger Gabriella, a lelkigyakorlatot tart\u00f3 n\u0151v\u00e9rt. A fiatalok betekint\u00e9st nyertek egy h\u00e9tv\u00e9g\u00e9n kereszt\u00fcl az Ign\u00e1ci hagyom\u00e1nyokra \u00e9p\u00fcl\u0151 k\u00fcl\u00f6nleges imam\u00f3dba, amelynek l\u00e9nyeges eleme a csend \u00e9s&hellip; <br \/> <a class=\"read-more\" href=\"https:\/\/ipcszeged.hu\/index.php\/2019\/02\/11\/vitorla-kozossegvezeto-kepzo-lelkigyakorlat-tahiban\/\">Read more<\/a><\/p>\n","protected":false},"author":1,"featured_media":15623,"comment_status":"closed","ping_status":"open","sticky":false,"template":"","format":"standard","meta":{"ngg_post_thumbnail":0,"footnotes":""},"categories":[1],"tags":[],"class_list":["post-15677","post","type-post","status-publish","format-standard","has-post-thumbnail","hentry","category-egyeb"],"_links":{"self":[{"href":"https:\/\/ipcszeged.hu\/index.php\/wp-json\/wp\/v2\/posts\/15677","targetHints":{"allow":["GET"]}}],"collection":[{"href":"https:\/\/ipcszeged.hu\/index.php\/wp-json\/wp\/v2\/posts"}],"about":[{"href":"https:\/\/ipcszeged.hu\/index.php\/wp-json\/wp\/v2\/types\/post"}],"author":[{"embeddable":true,"href":"https:\/\/ipcszeged.hu\/index.php\/wp-json\/wp\/v2\/users\/1"}],"replies":[{"embeddable":true,"href":"https:\/\/ipcszeged.hu\/index.php\/wp-json\/wp\/v2\/comments?post=15677"}],"version-history":[{"count":3,"href":"https:\/\/ipcszeged.hu\/index.php\/wp-json\/wp\/v2\/posts\/15677\/revisions"}],"predecessor-version":[{"id":15690,"href":"https:\/\/ipcszeged.hu\/index.php\/wp-json\/wp\/v2\/posts\/15677\/revisions\/15690"}],"wp:featuredmedia":[{"embeddable":true,"href":"https:\/\/ipcszeged.hu\/index.php\/wp-json\/wp\/v2\/media\/15623"}],"wp:attachment":[{"href":"https:\/\/ipcszeged.hu\/index.php\/wp-json\/wp\/v2\/media?parent=15677"}],"wp:term":[{"taxonomy":"category","embeddable":true,"href":"https:\/\/ipcszeged.hu\/index.php\/wp-json\/wp\/v2\/categories?post=15677"},{"taxonomy":"post_tag","embeddable":true,"href":"https:\/\/ipcszeged.hu\/index.php\/wp-json\/wp\/v2\/tags?post=15677"}],"curies":[{"name":"wp","href":"https:\/\/api.w.org\/{rel}","templated":true}]}}