{"id":15647,"date":"2019-02-01T11:36:39","date_gmt":"2019-02-01T11:36:39","guid":{"rendered":"http:\/\/www.ipcszeged.hu\/?p=15647"},"modified":"2019-02-12T07:40:20","modified_gmt":"2019-02-12T07:40:20","slug":"mi-tortent-panamaban","status":"publish","type":"post","link":"https:\/\/ipcszeged.hu\/index.php\/2019\/02\/01\/mi-tortent-panamaban\/","title":{"rendered":"Mi t\u00f6rt\u00e9nt Panam\u00e1ban?"},"content":{"rendered":"\n<p><\/p>\n\n\n\n<h4 class=\"wp-block-heading\" id=\"mce_0\">Engi Vera \u00e9s Bauer D\u00e1vid Costa Ricai \u00e9s Panamai besz\u00e1mol\u00f3j\u00e1t olvashatj\u00e1tok:<\/h4>\n\n\n<p style=\"text-align: justify;\">\u201e\u00cdme, az \u00dar szolg\u00e1l\u00f3le\u00e1nya, legyen nekem a te ig\u00e9d szerint.\u201d (Lk 1, 38) Ezzel a bibliai iger\u00e9sszel v\u00e1gtunk neki 2019. janu\u00e1r 17-\u00e9n a panamai Ifj\u00fas\u00e1gi Vil\u00e1gtal\u00e1lkoz\u00f3 el\u0151tal\u00e1lkoz\u00f3j\u00e1nak, melyet a k\u00f6z\u00e9p-amerikai Costa Ric\u00e1n rendeztek meg. \u00d6t felejthetetlen napot t\u00f6lthett\u00fcnk itt az ottani lakosok ny\u00fajtotta szeretetben. 40 f\u0151s magyar csapatunk helyi csal\u00e1dokn\u00e1l kapott sz\u00e1ll\u00e1st, \u00edgy testk\u00f6zelb\u0151l ismerkedhet\u00fcnk meg az ottani h\u00e9tk\u00f6znapi \u00e9lettel, mely sok meglepet\u00e9st tartogatott sz\u00e1munkra. \u00c9rkez\u00e9s\u00fcnkkor felejthetetlen fogadtat\u00e1sban volt r\u00e9sz\u00fcnk. A r\u00e1nk v\u00e1r\u00f3 csal\u00e1dok tagjai ujjongva \u00e9s tapsolva \u00fcdv\u00f6z\u00f6lt\u00e9k magyar deleg\u00e1ci\u00f3nkat. Az ott t\u00f6lt\u00f6tt id\u0151 minden perc\u00e9t kihaszn\u00e1ltuk, \u00edgy r\u00e9szt vehett\u00fcnk t\u00f6bb szentmis\u00e9n, szents\u00e9gim\u00e1d\u00e1son, koncerten, kir\u00e1ndul\u00e1son \u00e9s egy karibi hangulat\u00fa k\u00f6rmeneten is. Ezeken az esem\u00e9nyeken t\u00f6bb sz\u00e1z fiatallal egy\u00fctt \u00e9lhett\u00fck meg az \u00f6sszetartoz\u00e1st \u00f6r\u00f6m\u00e9t. Nem sz\u00e1m\u00edtott, hogy ki milyen nemzetb\u0151l sz\u00e1rmazik, ott mindny\u00e1jan egyek voltunk: Isten gyermekei. Az egyik legeml\u00e9kezetesebb pillanat sz\u00e1momra az Iraz\u00fa vulk\u00e1nhoz tett kir\u00e1ndul\u00e1sunk volt, ahol magyar csapatunk 3400 m magasan, a felh\u0151k f\u00f6l\u00f6tt j\u00e1rhatott. A l\u00e9lekemel\u0151 l\u00e1tv\u00e1ny, amely ott fogadott minket, teljesen mag\u00e1val ragadott mindenkit. Sz\u00e1momra az el\u0151tal\u00e1lkoz\u00f3 legmeghat\u00e1roz\u00f3bb \u00e9lm\u00e9nye azonban a befogad\u00f3 csal\u00e1dommal elt\u00f6lt\u00f6tt id\u0151 volt. Az az \u00f6r\u00f6m \u00e9s szeretet, amit ennyi id\u0151 alatt kaptam t\u0151l\u00fck, felbecs\u00fclhetetlen \u00e9s le\u00edrhatatlan sz\u00e1momra. \u00c1ltaluk m\u00e9g jobban megtapasztalhattam, hogy katolikusk\u00e9nt mennyire nagy sz\u00fcks\u00e9g\u00fcnk van egym\u00e1sra, a k\u00f6z\u00f6s hit\u00fcnk t\u00fcz\u00e9nek t\u00e1pl\u00e1l\u00e1s\u00e1ra. Ezeknek a csod\u00e1latos embereknek k\u00f6sz\u00f6nhet\u0151en m\u00e9lt\u00f3k\u00e9ppen felk\u00e9sz\u00fclhett\u00fcnk a Szentaty\u00e1val val\u00f3 tal\u00e1lkoz\u00e1sra, melyre mag\u00e1n az Ifj\u00fas\u00e1gi Vil\u00e1gtal\u00e1lkoz\u00f3n, Panamav\u00e1rosban ker\u00fclt sor.<\/p>\n<p>(Engi Vera)<\/p>\n<p style=\"text-align: justify;\">Costa Ric\u00e1b\u00f3l 20 \u00f3r\u00e1s busz\u00fat ut\u00e1n jutottunk Panam\u00e1ba. A minket befogad\u00f3 csal\u00e1dok hatalmas szeretettel \u00e9s kit\u00f6r\u0151 lelkesed\u00e9ssel fogadtak minket. Annak ellen\u00e9re, hogy neh\u00e9z k\u00f6r\u00fclm\u00e9nyek k\u00f6z\u00f6tt \u00e9lnek, hihetetlen odaad\u00e1ssal voltak ir\u00e1nyunkba. Megosztott\u00e1k vel\u00fcnk h\u00e1zaikat, \u00e9tel\u00fcket, illetve minden nap, amikor vissza\u00e9rt\u00fcnk a programokr\u00f3l, kij\u00f6ttek el\u00e9nk a buszhoz, hogy egy\u00fctt hazamehess\u00fcnk (m\u00e9g ha ez \u00e9jf\u00e9lt is jelentett). A program fel\u00e9p\u00edt\u00e9s hasonl\u00f3 volt minden nap. D\u00e9lel\u0151tt\u00f6nk\u00e9nt katek\u00e9zisen \u00e9s szentmis\u00e9n vett\u00fcnk r\u00e9szt a rom\u00e1n fiatalokkal egy\u00fctt, ezeket B\u00f6cskei L\u00e1szl\u00f3 p\u00fcsp\u00f6k atya tartotta. A v\u00e1rosban minden este koncertek sz\u00f3ltak \u00e9s szents\u00e9gim\u00e1d\u00e1st tartottak, melyekre sok szeretettel v\u00e1rt\u00e1k a r\u00e9sztvev\u0151ket. A d\u00e9lut\u00e1ni programok voltak a legv\u00e1ltozatosabbak. Els\u0151 d\u00e9lut\u00e1n megn\u00e9zt\u00fck a v\u00e1ros n\u00e9h\u00e1ny templom\u00e1t, illetve az \u00f3ce\u00e1nhoz is kis\u00e9t\u00e1ltunk. M\u00e1snap d\u00e9lut\u00e1n a r\u00e9sztvev\u0151 nemzetekkel k\u00f6z\u00f6sen fogadtuk a p\u00e1p\u00e1t. A k\u00f6vetkez\u0151 nap a megszokott\u00f3l elt\u00e9r\u0151en zajlott. A szok\u00e1sos katek\u00e9zis helyett egy saj\u00e1tos szertart\u00e1s keret\u00e9ben mindenki a pl\u00e9b\u00e1nia fal\u00e1n hagyta k\u00e9znyom\u00e1t, illetve egy-egy k\u00f6vet is kaptunk a helyiekt\u0151l, annak jelek\u00e9nt, hogy az ott kapottakat befogadtuk, \u00e9s az IVT ut\u00e1n szeretn\u00e9nk elvinni saj\u00e1t otthonunkba, v\u00e1rosunkba, haz\u00e1nkba is. A d\u00e9lut\u00e1nt pedig az \u00f3ce\u00e1nparton t\u00f6lt\u00f6tt\u00fck. A k\u00f6vetkez\u0151 nap d\u00e9lel\u0151tt szabad foglalkoz\u00e1s volt, valaki v\u00e1s\u00e1rolni ment, valaki m\u00e9g v\u00e1rost n\u00e9zett (nekem ekkor volt id\u0151m felvenni az \u00f3r\u00e1imat), d\u00e9lut\u00e1n pedig kizar\u00e1ndokoltunk a virraszt\u00e1s helysz\u00edn\u00e9re. Itt egy-k\u00e9t koncert ut\u00e1n k\u00f6z\u00f6s im\u00e1ds\u00e1g, szents\u00e9gim\u00e1d\u00e1s k\u00f6vetkezett. Hatalmas \u00e9lm\u00e9ny volt, amikor az eg\u00e9sz t\u00f6meg teljes cs\u00f6ndben az Olt\u00e1riszents\u00e9gre figyelve im\u00e1dkozott. M\u00e9g este k\u00f6rbement\u00fcnk n\u00e9h\u00e1nyan, \u00e9s f\u00e9nyk\u00e9pezkedt\u00fcnk n\u00e9h\u00e1ny fiatallal, valamint osztogattuk az Eucharisztikus Kongresszusr\u00f3l sz\u00f3l\u00f3 sz\u00f3r\u00f3anyagot (ezt a k\u00fcldet\u00e9st am\u00fagy eg\u00e9sz h\u00e9ten v\u00e9gezt\u00fck). M\u00e1snap reggel volt a p\u00e1pai szentmise, melynek v\u00e9g\u00e9n a Szentatya bejelentette a k\u00f6vetkez\u0151 Vil\u00e1gtal\u00e1lkoz\u00f3 helysz\u00edn\u00e9t: Lisszabont. A mise ut\u00e1n gyors \u00f6sszepakol\u00e1st k\u00f6vet\u0151en indultunk is vissza Costa Ric\u00e1ba, ahol a rep\u00fcl\u0151re felsz\u00e1llva ism\u00e9t Eur\u00f3pa fel\u00e9 vett\u00fck az ir\u00e1nyt. Panam\u00e1ban igaz\u00e1n megtapasztalhattuk, hogy milyen is Krisztushoz tartoz\u00f3 fiatalnak lenni. Megtapasztalhattuk, hogy milyen t\u00f6bb sz\u00e1z ezer fiatallal k\u00f6z\u00f6sen im\u00e1dkozni, megtapasztalhattuk az Egyh\u00e1zhoz tartoz\u00e1s \u00f6r\u00f6m\u00e9t, de megtapasztalhattuk azt is, hogy n\u00e9ha bizony ki kell l\u00e9pn\u00fcnk a komfortz\u00f3n\u00e1nkb\u00f3l a nagyobb j\u00f3 \u00e9rdek\u00e9ben, ugyanis amellett, hogy nagyon j\u00f3 hangulatban telt a tal\u00e1lkoz\u00f3, nemegyszer ker\u00fclt\u00fcnk k\u00e9nyelmetlen helyzetbe. De b\u00e1rmi is t\u00f6rt\u00e9nt vel\u00fcnk, minden helyzetb\u0151l gyarapodhattunk, hiszen \u201e&#8230;akik Istent szeretik, azoknak minden javukra v\u00e1lik&#8230;\u201d (R\u00f3m 8, 28).<\/p>\n<p>(Bauer D\u00e1vid)<\/p> ","protected":false},"excerpt":{"rendered":"<p>Engi Vera \u00e9s Bauer D\u00e1vid Costa Ricai \u00e9s Panamai besz\u00e1mol\u00f3j\u00e1t olvashatj\u00e1tok: \u201e\u00cdme, az \u00dar szolg\u00e1l\u00f3le\u00e1nya, legyen nekem a te ig\u00e9d szerint.\u201d (Lk 1, 38) Ezzel a bibliai iger\u00e9sszel v\u00e1gtunk neki 2019. janu\u00e1r 17-\u00e9n a panamai Ifj\u00fas\u00e1gi Vil\u00e1gtal\u00e1lkoz\u00f3 el\u0151tal\u00e1lkoz\u00f3j\u00e1nak, melyet a k\u00f6z\u00e9p-amerikai Costa Ric\u00e1n rendeztek meg. \u00d6t felejthetetlen napot t\u00f6lthett\u00fcnk itt az ottani lakosok ny\u00fajtotta szeretetben.&hellip; <br \/> <a class=\"read-more\" href=\"https:\/\/ipcszeged.hu\/index.php\/2019\/02\/01\/mi-tortent-panamaban\/\">Read more<\/a><\/p>\n","protected":false},"author":1,"featured_media":15656,"comment_status":"closed","ping_status":"open","sticky":false,"template":"","format":"standard","meta":{"ngg_post_thumbnail":0,"footnotes":""},"categories":[1],"tags":[],"class_list":["post-15647","post","type-post","status-publish","format-standard","has-post-thumbnail","hentry","category-egyeb"],"_links":{"self":[{"href":"https:\/\/ipcszeged.hu\/index.php\/wp-json\/wp\/v2\/posts\/15647","targetHints":{"allow":["GET"]}}],"collection":[{"href":"https:\/\/ipcszeged.hu\/index.php\/wp-json\/wp\/v2\/posts"}],"about":[{"href":"https:\/\/ipcszeged.hu\/index.php\/wp-json\/wp\/v2\/types\/post"}],"author":[{"embeddable":true,"href":"https:\/\/ipcszeged.hu\/index.php\/wp-json\/wp\/v2\/users\/1"}],"replies":[{"embeddable":true,"href":"https:\/\/ipcszeged.hu\/index.php\/wp-json\/wp\/v2\/comments?post=15647"}],"version-history":[{"count":9,"href":"https:\/\/ipcszeged.hu\/index.php\/wp-json\/wp\/v2\/posts\/15647\/revisions"}],"predecessor-version":[{"id":15693,"href":"https:\/\/ipcszeged.hu\/index.php\/wp-json\/wp\/v2\/posts\/15647\/revisions\/15693"}],"wp:featuredmedia":[{"embeddable":true,"href":"https:\/\/ipcszeged.hu\/index.php\/wp-json\/wp\/v2\/media\/15656"}],"wp:attachment":[{"href":"https:\/\/ipcszeged.hu\/index.php\/wp-json\/wp\/v2\/media?parent=15647"}],"wp:term":[{"taxonomy":"category","embeddable":true,"href":"https:\/\/ipcszeged.hu\/index.php\/wp-json\/wp\/v2\/categories?post=15647"},{"taxonomy":"post_tag","embeddable":true,"href":"https:\/\/ipcszeged.hu\/index.php\/wp-json\/wp\/v2\/tags?post=15647"}],"curies":[{"name":"wp","href":"https:\/\/api.w.org\/{rel}","templated":true}]}}