{"id":15636,"date":"2019-01-29T09:22:02","date_gmt":"2019-01-29T09:22:02","guid":{"rendered":"http:\/\/www.ipcszeged.hu\/?p=15636"},"modified":"2019-01-29T09:22:03","modified_gmt":"2019-01-29T09:22:03","slug":"panama-nap","status":"publish","type":"post","link":"https:\/\/ipcszeged.hu\/index.php\/2019\/01\/29\/panama-nap\/","title":{"rendered":"PANAMA-NAP"},"content":{"rendered":"<p style=\"text-align: justify;\">A panamai Ifj\u00fas\u00e1gi Vil\u00e1gtal\u00e1lkoz\u00f3val p\u00e1rhuzamosan a p\u00e1pai virraszt\u00e1s napj\u00e1n Budapesten, az Elek Gyula Ar\u00e9n\u00e1ban megrendez\u00e9sre ker\u00fclt a Panama-nap, ahol t\u00f6bb, mint h\u00fasz szeged-csan\u00e1di fiatal is r\u00e9szt vett.<\/p>\n<p style=\"text-align: justify;\">A&nbsp;nap h\u00e1rom r\u00e9szb\u0151l \u00e1llt. Kezd\u00e9sk\u00e9nt Kocsis F\u00fcl\u00f6p p\u00fcsp\u00f6k atya katek\u00e9zis\u00e9t hallgathattuk meg, ahol a mott\u00f3t elemezve arra h\u00edvta fel a fiatalok figyelm\u00e9t, hogy nagyon fontos a jelenben \u00e9ln\u00fcnk \u00e9s meghallanunk Isten hangj\u00e1t, mint ahogyan M\u00e1ria is tette.<br>A nap sor\u00e1n k\u00e9t \u00e9letutat ismerhett\u00fcnk meg Bartos L\u00eddia Lelle \u00e9s Pindroch Csaba tan\u00fas\u00e1gt\u00e9tel\u00e9ben.<br>Egy k\u00f6tetlen besz\u00e9lget\u00e9s keret\u00e9ben megtudhattuk a fiatalok k\u00e9rd\u00e9seinek k\u00f6sz\u00f6nhet\u0151en, hogy mit gondolnak a mai Egyh\u00e1zr\u00f3l, \u00e9s mit tan\u00e1csolnak a jelen l\u00e9v\u0151knek a p\u00fcsp\u00f6k aty\u00e1k.&nbsp;<\/p>\n<p style=\"text-align: justify;\">Ezut\u00e1n k\u00f6vetkezett egy Szentmise, ahol Veres Andr\u00e1s p\u00fcsp\u00f6k atya kiemelte, hogy mennyire fontos M\u00e1ria \u201cigen\u201d-j\u00e9nek jelenl\u00e9te a napjainkban!&nbsp;<br>A nap z\u00e1r\u00e1sak\u00e9nt J\u00e9zus jelenl\u00e9t\u00e9ben t\u00f6lthett\u00fcnk el egy kis id\u0151t, majd bejelentkeztek a Vil\u00e1gtal\u00e1lkoz\u00f3n jelenlev\u0151 magyar fiatalok is.&nbsp;<\/p>\n\n\n<figure class=\"wp-block-image\"><img loading=\"lazy\" decoding=\"async\" width=\"4032\" height=\"3024\" src=\"http:\/\/www.ipcszeged.hu\/wp-content\/uploads\/2019\/01\/IMG-1898.jpg\" alt=\"\" class=\"wp-image-15638\" srcset=\"https:\/\/ipcszeged.hu\/wp-content\/uploads\/2019\/01\/IMG-1898.jpg 4032w, https:\/\/ipcszeged.hu\/wp-content\/uploads\/2019\/01\/IMG-1898-150x113.jpg 150w, https:\/\/ipcszeged.hu\/wp-content\/uploads\/2019\/01\/IMG-1898-300x225.jpg 300w, https:\/\/ipcszeged.hu\/wp-content\/uploads\/2019\/01\/IMG-1898-768x576.jpg 768w, https:\/\/ipcszeged.hu\/wp-content\/uploads\/2019\/01\/IMG-1898-1024x768.jpg 1024w, https:\/\/ipcszeged.hu\/wp-content\/uploads\/2019\/01\/IMG-1898-1440x1080.jpg 1440w\" sizes=\"auto, (max-width: 4032px) 100vw, 4032px\" \/><\/figure>\n ","protected":false},"excerpt":{"rendered":"<p>A panamai Ifj\u00fas\u00e1gi Vil\u00e1gtal\u00e1lkoz\u00f3val p\u00e1rhuzamosan a p\u00e1pai virraszt\u00e1s napj\u00e1n Budapesten, az Elek Gyula Ar\u00e9n\u00e1ban megrendez\u00e9sre ker\u00fclt a Panama-nap, ahol t\u00f6bb, mint h\u00fasz szeged-csan\u00e1di fiatal is r\u00e9szt vett. A&nbsp;nap h\u00e1rom r\u00e9szb\u0151l \u00e1llt. Kezd\u00e9sk\u00e9nt Kocsis F\u00fcl\u00f6p p\u00fcsp\u00f6k atya katek\u00e9zis\u00e9t hallgathattuk meg, ahol a mott\u00f3t elemezve arra h\u00edvta fel a fiatalok figyelm\u00e9t, hogy nagyon fontos a jelenben \u00e9ln\u00fcnk&hellip; <br \/> <a class=\"read-more\" href=\"https:\/\/ipcszeged.hu\/index.php\/2019\/01\/29\/panama-nap\/\">Read more<\/a><\/p>\n","protected":false},"author":1,"featured_media":15638,"comment_status":"closed","ping_status":"open","sticky":false,"template":"","format":"standard","meta":{"ngg_post_thumbnail":0,"footnotes":""},"categories":[1],"tags":[],"class_list":["post-15636","post","type-post","status-publish","format-standard","has-post-thumbnail","hentry","category-egyeb"],"_links":{"self":[{"href":"https:\/\/ipcszeged.hu\/index.php\/wp-json\/wp\/v2\/posts\/15636","targetHints":{"allow":["GET"]}}],"collection":[{"href":"https:\/\/ipcszeged.hu\/index.php\/wp-json\/wp\/v2\/posts"}],"about":[{"href":"https:\/\/ipcszeged.hu\/index.php\/wp-json\/wp\/v2\/types\/post"}],"author":[{"embeddable":true,"href":"https:\/\/ipcszeged.hu\/index.php\/wp-json\/wp\/v2\/users\/1"}],"replies":[{"embeddable":true,"href":"https:\/\/ipcszeged.hu\/index.php\/wp-json\/wp\/v2\/comments?post=15636"}],"version-history":[{"count":1,"href":"https:\/\/ipcszeged.hu\/index.php\/wp-json\/wp\/v2\/posts\/15636\/revisions"}],"predecessor-version":[{"id":15639,"href":"https:\/\/ipcszeged.hu\/index.php\/wp-json\/wp\/v2\/posts\/15636\/revisions\/15639"}],"wp:featuredmedia":[{"embeddable":true,"href":"https:\/\/ipcszeged.hu\/index.php\/wp-json\/wp\/v2\/media\/15638"}],"wp:attachment":[{"href":"https:\/\/ipcszeged.hu\/index.php\/wp-json\/wp\/v2\/media?parent=15636"}],"wp:term":[{"taxonomy":"category","embeddable":true,"href":"https:\/\/ipcszeged.hu\/index.php\/wp-json\/wp\/v2\/categories?post=15636"},{"taxonomy":"post_tag","embeddable":true,"href":"https:\/\/ipcszeged.hu\/index.php\/wp-json\/wp\/v2\/tags?post=15636"}],"curies":[{"name":"wp","href":"https:\/\/api.w.org\/{rel}","templated":true}]}}