{"id":15605,"date":"2019-01-14T12:45:58","date_gmt":"2019-01-14T12:45:58","guid":{"rendered":"http:\/\/www.ipcszeged.hu\/?p=15605"},"modified":"2019-01-14T12:45:59","modified_gmt":"2019-01-14T12:45:59","slug":"szentsegimadas-iskolaja-mindenkinek","status":"publish","type":"post","link":"https:\/\/ipcszeged.hu\/index.php\/2019\/01\/14\/szentsegimadas-iskolaja-mindenkinek\/","title":{"rendered":"Szents\u00e9gim\u00e1d\u00e1s Iskol\u00e1ja mindenkiNEK"},"content":{"rendered":"<h4 style=\"text-align: center;\">Szents\u00e9gim\u00e1d\u00e1s iskol\u00e1ja&nbsp;<span class=\"_5mfr\"><span class=\"_6qdm\">?<\/span><\/span>Szegeden<\/h4>\n<h4 style=\"text-align: left;\">\nGyere el \u00e9s tanulj te is J\u00e9zust\u00f3l!&nbsp;<span class=\"_5mfr\"><span class=\"_6qdm\">?<\/span><\/span><br \/>\n\u0150 egy\u00fctt im\u00e1dkozott az apostolokkal,&nbsp;<span class=\"_5mfr\"><span class=\"_6qdm\">\u27a1\ufe0f<\/span><\/span>&nbsp;t\u00e9ged is erre h\u00edv.&nbsp;<br \/>\n<span class=\"_5mfr\"><span class=\"_6qdm\">\u23f0<\/span><\/span>&nbsp;01.23. Szerda, 18:30<span class=\"_5mfr\"><span class=\"_6qdm\">\u2757\ufe0f<\/span><\/span><span class=\"_5mfr\"><span class=\"_6qdm\">\u27a1\ufe0f<\/span><\/span>&nbsp;az 1. alkalom<span class=\"_5mfr\"><span class=\"_6qdm\">\u2757\ufe0f<\/span><\/span><\/h4>\n<h4>El\u0151ad\u00f3: Serf\u0151z\u0151 Levente<\/h4>\n<h4>T\u00e9ma: J\u00e9zus val\u00f3s\u00e1gos jelenl\u00e9te az Euchariszti\u00e1ban ===================================<\/h4>\n<h4><span class=\"_5mfr\"><span class=\"_6qdm\">\u2705<\/span><\/span>&nbsp;A k\u00e9s\u0151bbi alkalmak el\u0151ad\u00f3i k\u00f6z\u00f6tt:&nbsp;<br \/>\n&gt;&gt;Dr. F\u00e1bry Korn\u00e9l&lt;&lt; \u00e9s &gt;&gt;Versegi Be\u00e1ta!&lt;&lt;<br \/>\n<span class=\"_5mfr\"><span class=\"_6qdm\">?<\/span><\/span>&nbsp;r\u00e9szletek:&nbsp;<a href=\"http:\/\/www.corunum2020.hu\/?fbclid=IwAR282gf2L_81wJtJmIfgZDjh61_kJNxc-Cx6zOGG5MLvfuIO9LkFikcnnu8\" target=\"_blank\" rel=\"noopener nofollow\" data-ft=\"{&quot;tn&quot;:&quot;-U&quot;}\" data-lynx-mode=\"async\" data-lynx-uri=\"https:\/\/l.facebook.com\/l.php?u=http%3A%2F%2Fwww.corunum2020.hu%2F%3Ffbclid%3DIwAR282gf2L_81wJtJmIfgZDjh61_kJNxc-Cx6zOGG5MLvfuIO9LkFikcnnu8&amp;h=AT1yUrVbeS0wbmN17OBIwUhk_OgA_ti-dfEuH1qNekmBB_3nhHyk1pAhh6J89YP8HPszZE961E1XngwcEDmO1M_F8SaAtxAf6LvBO2gFtpqeZi32JhcDAmgHRrHVJJDsdUXSGGsqFpzzBge8JAyrXX731n9rau_Nvz3OywXdf7dWjHiZh38BR_r6qVGaW7TJuwhh0oSSYtCuTAeCH69NtEiSebVVH0XnYwK8gCRl98rrfIV6ADixGOZb6Tvq9rNBp2ETHlXT4KH4YMS1zWFfpNFdkKG8ZlN6c9aw1AppMLWelTgEi_M6dqoXiYdgdqrS8ArAhdT7I81emC5kIeUAEL8DVFr7Es63wUGnjWQ_ON1RZ4kuo93G_DrUFqv9ZY0YtAqkptaBuIGdX4d4ANHV06uzmEnvWibLSJRCM7AoIeXZrgWC80V-OMl3RQaDr7WOBNyw2tLsneqAJHfn-SqO65eLfoezdAGzHxBdvKVLaPtp7lO7oSO--Wbn7_P1SwbVLbYKh_65l23bNQtdscUj-lc_2zQGqK_05BdEaOFbJVzXqXHBVFRVeHE6_6iR1A7FYnkd2KbydjDTX0WJh39RZxKK-PM\">www.corunum2020.hu<\/a><\/h4>\n<p><img loading=\"lazy\" decoding=\"async\" class=\"aligncenter size-full wp-image-15606\" src=\"http:\/\/www.ipcszeged.hu\/wp-content\/uploads\/2019\/01\/Szentsegimadas-iskolaja-Szeged-plakat-page-001.jpg\" alt=\"\" width=\"3579\" height=\"5032\" srcset=\"https:\/\/ipcszeged.hu\/wp-content\/uploads\/2019\/01\/Szentsegimadas-iskolaja-Szeged-plakat-page-001.jpg 3579w, https:\/\/ipcszeged.hu\/wp-content\/uploads\/2019\/01\/Szentsegimadas-iskolaja-Szeged-plakat-page-001-107x150.jpg 107w, https:\/\/ipcszeged.hu\/wp-content\/uploads\/2019\/01\/Szentsegimadas-iskolaja-Szeged-plakat-page-001-213x300.jpg 213w, https:\/\/ipcszeged.hu\/wp-content\/uploads\/2019\/01\/Szentsegimadas-iskolaja-Szeged-plakat-page-001-768x1080.jpg 768w, https:\/\/ipcszeged.hu\/wp-content\/uploads\/2019\/01\/Szentsegimadas-iskolaja-Szeged-plakat-page-001-1024x1440.jpg 1024w\" sizes=\"auto, (max-width: 3579px) 100vw, 3579px\" \/><\/p>\n ","protected":false},"excerpt":{"rendered":"<p>Szents\u00e9gim\u00e1d\u00e1s iskol\u00e1ja&nbsp;?Szegeden Gyere el \u00e9s tanulj te is J\u00e9zust\u00f3l!&nbsp;? \u0150 egy\u00fctt im\u00e1dkozott az apostolokkal,&nbsp;\u27a1\ufe0f&nbsp;t\u00e9ged is erre h\u00edv.&nbsp; \u23f0&nbsp;01.23. Szerda, 18:30\u2757\ufe0f\u27a1\ufe0f&nbsp;az 1. alkalom\u2757\ufe0f El\u0151ad\u00f3: Serf\u0151z\u0151 Levente T\u00e9ma: J\u00e9zus val\u00f3s\u00e1gos jelenl\u00e9te az Euchariszti\u00e1ban =================================== \u2705&nbsp;A k\u00e9s\u0151bbi alkalmak el\u0151ad\u00f3i k\u00f6z\u00f6tt:&nbsp; &gt;&gt;Dr. F\u00e1bry Korn\u00e9l&lt;&lt; \u00e9s &gt;&gt;Versegi Be\u00e1ta!&lt;&lt; ?&nbsp;r\u00e9szletek:&nbsp;www.corunum2020.hu<\/p>\n","protected":false},"author":1,"featured_media":15606,"comment_status":"closed","ping_status":"open","sticky":false,"template":"","format":"standard","meta":{"ngg_post_thumbnail":0,"footnotes":""},"categories":[1],"tags":[],"class_list":["post-15605","post","type-post","status-publish","format-standard","has-post-thumbnail","hentry","category-egyeb"],"_links":{"self":[{"href":"https:\/\/ipcszeged.hu\/index.php\/wp-json\/wp\/v2\/posts\/15605","targetHints":{"allow":["GET"]}}],"collection":[{"href":"https:\/\/ipcszeged.hu\/index.php\/wp-json\/wp\/v2\/posts"}],"about":[{"href":"https:\/\/ipcszeged.hu\/index.php\/wp-json\/wp\/v2\/types\/post"}],"author":[{"embeddable":true,"href":"https:\/\/ipcszeged.hu\/index.php\/wp-json\/wp\/v2\/users\/1"}],"replies":[{"embeddable":true,"href":"https:\/\/ipcszeged.hu\/index.php\/wp-json\/wp\/v2\/comments?post=15605"}],"version-history":[{"count":1,"href":"https:\/\/ipcszeged.hu\/index.php\/wp-json\/wp\/v2\/posts\/15605\/revisions"}],"predecessor-version":[{"id":15607,"href":"https:\/\/ipcszeged.hu\/index.php\/wp-json\/wp\/v2\/posts\/15605\/revisions\/15607"}],"wp:featuredmedia":[{"embeddable":true,"href":"https:\/\/ipcszeged.hu\/index.php\/wp-json\/wp\/v2\/media\/15606"}],"wp:attachment":[{"href":"https:\/\/ipcszeged.hu\/index.php\/wp-json\/wp\/v2\/media?parent=15605"}],"wp:term":[{"taxonomy":"category","embeddable":true,"href":"https:\/\/ipcszeged.hu\/index.php\/wp-json\/wp\/v2\/categories?post=15605"},{"taxonomy":"post_tag","embeddable":true,"href":"https:\/\/ipcszeged.hu\/index.php\/wp-json\/wp\/v2\/tags?post=15605"}],"curies":[{"name":"wp","href":"https:\/\/api.w.org\/{rel}","templated":true}]}}