{"id":15601,"date":"2019-01-14T10:47:56","date_gmt":"2019-01-14T10:47:56","guid":{"rendered":"http:\/\/www.ipcszeged.hu\/?p=15601"},"modified":"2019-01-14T10:47:58","modified_gmt":"2019-01-14T10:47:58","slug":"panama-nap-2019-januar-26","status":"publish","type":"post","link":"https:\/\/ipcszeged.hu\/index.php\/2019\/01\/14\/panama-nap-2019-januar-26\/","title":{"rendered":"Panama-Nap 2019. janu\u00e1r 26."},"content":{"rendered":"<h4>Sziasztok!<\/h4>\n<h4>Vera \u00e9s D\u00e1vid r\u00e9szt vesznek az Ifj\u00fas\u00e1gi Vil\u00e1gtal\u00e1lkoz\u00f3n (Panam\u00e1ban&nbsp;)<br \/>\nSzeretn\u00e9l vel\u00fck \u201ctal\u00e1lkozni\u201d?<\/h4>\n<div class='embed-container'>\n<div id=\"fb-root\"><\/div>\n<p><script>(function(d, s, id) {  var js, fjs = d.getElementsByTagName(s)[0];  if (d.getElementById(id)) return;  js = d.createElement(s); js.id = id;  js.src = 'https:\/\/connect.facebook.net\/hu_HU\/sdk.js#xfbml=1&version=v3.2';  fjs.parentNode.insertBefore(js, fjs);}(document, 'script', 'facebook-jssdk'));<\/script><\/p>\n<div class=\"fb-video\" data-href=\"https:\/\/www.facebook.com\/ifjusagpasztoraciosiroda\/videos\/2285651914778749\/\" data-width=\"1920\">\n<blockquote cite=\"https:\/\/www.facebook.com\/ifjusagpasztoraciosiroda\/videos\/2285651914778749\/\" class=\"fb-xfbml-parse-ignore\"><p><a href=\"https:\/\/www.facebook.com\/ifjusagpasztoraciosiroda\/videos\/2285651914778749\/\"><\/a><\/p>\n<p>Sziasztok!Vera \u00e9s D\u00e1vid r\u00e9szt vesznek az Ifj\u00fas\u00e1gi Vil\u00e1gtal\u00e1lkoz\u00f3n (Panam\u00e1ban ? )Szeretn\u00e9l vel\u00fck \u201ctal\u00e1lkozni\u201d?Gyere vel\u00fcnk \u27a1\ufe0f Szegedr\u0151l busszal ? a Panama-napra! \u23f0 2019. janu\u00e1r 26-\u00e1n Budapesten, &gt;&gt;&gt; ahol \u00e9l\u0151ben lesz kapcsolva Panama, \u00edgy \u0151k is\u2757\ufe0f?Jelentkezz:https:\/\/regisztracio.panamanap.hu\/#\/<\/p>\n<p>K\u00f6zz\u00e9tette: <a href=\"https:\/\/www.facebook.com\/ifjusagpasztoraciosiroda\/\">Ifj\u00fas\u00e1gpasztor\u00e1ci\u00f3s Iroda<\/a> \u2013 2019. janu\u00e1r 12., szombat<\/p><\/blockquote>\n<\/div>\n<\/div>\n<h4>\nGyere vel\u00fcnk&nbsp;<span class=\"_5mfr\"><span class=\"_6qdm\">\u27a1\ufe0f<\/span><\/span>&nbsp;Szegedr\u0151l busszal&nbsp;<span class=\"_5mfr\"><span class=\"_6qdm\">?<\/span><\/span>&nbsp;a Panama-napra!&nbsp;<span class=\"text_exposed_show\"><br \/>\n<span class=\"_5mfr\"><span class=\"_6qdm\">\u23f0<\/span><\/span>&nbsp;2019. janu\u00e1r 26-\u00e1n Budapesten, &gt;&gt;&gt; ahol \u00e9l\u0151ben lesz kapcsolva Panama, \u00edgy \u0151k is<span class=\"_5mfr\"><span class=\"_6qdm\">\u2757\ufe0f<\/span><\/span><span class=\"_5mfr\"><span class=\"_6qdm\">?<\/span><\/span><\/span><\/h4>\n<div class=\"text_exposed_show\">\n<h2>Jelentkezz:<br \/>\n<a href=\"https:\/\/regisztracio.panamanap.hu\/?fbclid=IwAR0mhxYJHqpUw5LvBXqZZTpUqj_4o7ASQPWEWJPAnQghTHRaC7zHlVgq04o#\/\" target=\"_blank\" rel=\"noopener nofollow\" data-ft=\"{&quot;tn&quot;:&quot;-U&quot;}\" data-lynx-mode=\"async\" data-lynx-uri=\"https:\/\/l.facebook.com\/l.php?u=https%3A%2F%2Fregisztracio.panamanap.hu%2F%3Ffbclid%3DIwAR0mhxYJHqpUw5LvBXqZZTpUqj_4o7ASQPWEWJPAnQghTHRaC7zHlVgq04o%23%2F&amp;h=AT3C62eEmn4oGHQqs9WDdjJa6dqNdqp_p5xsRHkK5A5DlEJ5bxMOwVV3QOWNGJOl6v7Ty7DSfyoc7irUVvYTRtQkH8e1YpwDmv5QHH6ZRY-UBm47CAzkVUU3xD_IqF3roJH_09M-pQhiFTl0LAILL4GY5GYYXcRbwND9wyECxQt7NFCKUEdz-U1RK8Kyc81sqzIawXxXgBr9eFAgHy9QXZbSEcuOWarPsk9sToIuPNbPJWY-mnPr0CUisGW2Fl64UYH4otu2IWnVRVGpD231OWpA0rUQUUkTlap0dKehso3mZ1h-k9rPrOD3wVj2bBaB9E7CLzvZ54sIPq7pj6xug_JIwk5U_bLPl4yMwjhCbgaNtFwvoHxMUjxcxtie6EYQt73-j5H-U7VyAluwyRUvS_X_9eDCfpz7839ofjjVXXFnlJFC9aP12ikSwucICN9En2bdiH7hnOSwthgT6MIElt9CFOkqrp1_zzqU6dyPGW4ogHhsmh5ymHtnQmMia-cW4rkghl6ik4CsbFZbQ3UEwE4hzgmj9Gvzuu6l06PummqpzFAebu9rGu3ohcBMr6kyX0zMDVJnUWxG5ybh9NXxIUS4nchlgpKVz7gUZcaD8wb7IpYHF4LZKdlz5ZlR9Cx-5yG95f1gkDCzE7o\">https:\/\/regisztracio.panamanap.hu\/#\/<\/a><\/h2>\n<\/div>\n ","protected":false},"excerpt":{"rendered":"<p>Sziasztok! Vera \u00e9s D\u00e1vid r\u00e9szt vesznek az Ifj\u00fas\u00e1gi Vil\u00e1gtal\u00e1lkoz\u00f3n (Panam\u00e1ban&nbsp;) Szeretn\u00e9l vel\u00fck \u201ctal\u00e1lkozni\u201d? Gyere vel\u00fcnk&nbsp;\u27a1\ufe0f&nbsp;Szegedr\u0151l busszal&nbsp;?&nbsp;a Panama-napra!&nbsp; \u23f0&nbsp;2019. janu\u00e1r 26-\u00e1n Budapesten, &gt;&gt;&gt; ahol \u00e9l\u0151ben lesz kapcsolva Panama, \u00edgy \u0151k is\u2757\ufe0f? Jelentkezz: https:\/\/regisztracio.panamanap.hu\/#\/<\/p>\n","protected":false},"author":1,"featured_media":15603,"comment_status":"closed","ping_status":"open","sticky":false,"template":"","format":"standard","meta":{"ngg_post_thumbnail":0,"footnotes":""},"categories":[1],"tags":[],"class_list":["post-15601","post","type-post","status-publish","format-standard","has-post-thumbnail","hentry","category-egyeb"],"_links":{"self":[{"href":"https:\/\/ipcszeged.hu\/index.php\/wp-json\/wp\/v2\/posts\/15601","targetHints":{"allow":["GET"]}}],"collection":[{"href":"https:\/\/ipcszeged.hu\/index.php\/wp-json\/wp\/v2\/posts"}],"about":[{"href":"https:\/\/ipcszeged.hu\/index.php\/wp-json\/wp\/v2\/types\/post"}],"author":[{"embeddable":true,"href":"https:\/\/ipcszeged.hu\/index.php\/wp-json\/wp\/v2\/users\/1"}],"replies":[{"embeddable":true,"href":"https:\/\/ipcszeged.hu\/index.php\/wp-json\/wp\/v2\/comments?post=15601"}],"version-history":[{"count":1,"href":"https:\/\/ipcszeged.hu\/index.php\/wp-json\/wp\/v2\/posts\/15601\/revisions"}],"predecessor-version":[{"id":15604,"href":"https:\/\/ipcszeged.hu\/index.php\/wp-json\/wp\/v2\/posts\/15601\/revisions\/15604"}],"wp:featuredmedia":[{"embeddable":true,"href":"https:\/\/ipcszeged.hu\/index.php\/wp-json\/wp\/v2\/media\/15603"}],"wp:attachment":[{"href":"https:\/\/ipcszeged.hu\/index.php\/wp-json\/wp\/v2\/media?parent=15601"}],"wp:term":[{"taxonomy":"category","embeddable":true,"href":"https:\/\/ipcszeged.hu\/index.php\/wp-json\/wp\/v2\/categories?post=15601"},{"taxonomy":"post_tag","embeddable":true,"href":"https:\/\/ipcszeged.hu\/index.php\/wp-json\/wp\/v2\/tags?post=15601"}],"curies":[{"name":"wp","href":"https:\/\/api.w.org\/{rel}","templated":true}]}}