{"id":15584,"date":"2018-12-14T11:44:11","date_gmt":"2018-12-14T11:44:11","guid":{"rendered":"http:\/\/www.ipcszeged.hu\/?p=15584"},"modified":"2018-12-14T11:50:26","modified_gmt":"2018-12-14T11:50:26","slug":"adventi-face2face-eucharisztikus-imaest-2","status":"publish","type":"post","link":"https:\/\/ipcszeged.hu\/index.php\/2018\/12\/14\/adventi-face2face-eucharisztikus-imaest-2\/","title":{"rendered":"Adventi face2Face Eucharisztikus   Imaest"},"content":{"rendered":"\n<h3 class=\"wp-block-heading\"><\/h3>\n\n\n\n<p>Az est szervez\u0151je ez\u00fattal a szegedi F\u00f6ld S\u00f3ja Karizmatikus Ifj\u00fas\u00e1gi K\u00f6z\u00f6ss\u00e9g volt, a zenei szolg\u00e1latot pedig a Szabad-ON katolikus dics\u0151\u00edt\u0151 zenekar v\u00e9gezte.<\/p>\n\n\n\n<p>Az imaalkalom alatt Nagy R\u00f3bert sz\u0151regi pl\u00e9b\u00e1nos tartott elm\u00e9lked\u00e9st, aki arra biztatta a jelenl\u00e9v\u0151ket, hogy merjenek Istenre n\u00e9zni, mert \u0150 az, aki a legm\u00e9lyebben ismeri az embert.<\/p>\n\n\n\n<p>\u201e\u0150 kimondja nevem \u00e9s \u00edgy a Szents\u00e9gim\u00e1d\u00e1sban egy p\u00e1rbesz\u00e9d j\u00f6n l\u00e9tre k\u00f6z\u00f6tt\u00fcnk. Csendes, szem\u00e9lyes \u00e9s a legm\u00e9lyebb bizalomban meg\u00e9lt im\u00e1ds\u00e1g\u201d \u2013 tan\u00edtott a pl\u00e9b\u00e1nos. A face2Face imaest tan\u00fas\u00e1gtev\u0151je R\u00e9p\u00e1s S\u00e1ra egyetemi hallgat\u00f3, az Istenhez val\u00f3 visszatal\u00e1l\u00e1s\u00e1r\u00f3l, \u00e9s a Szentl\u00e9lekkel kialakult kapcsolat\u00e1r\u00f3l besz\u00e9lt egy szem\u00e9lyes t\u00f6rt\u00e9neten kereszt\u00fcl. A dics\u0151\u00edt\u00e9s \u00e9s Szents\u00e9gim\u00e1d\u00e1s alatt, v\u00e9gig lehet\u0151s\u00e9g volt a szentgy\u00f3n\u00e1sra.<\/p>\n\n\n\nngg_shortcode_0_placeholder\n ","protected":false},"excerpt":{"rendered":"<p>Az est szervez\u0151je ez\u00fattal a szegedi F\u00f6ld S\u00f3ja Karizmatikus Ifj\u00fas\u00e1gi K\u00f6z\u00f6ss\u00e9g volt, a zenei szolg\u00e1latot pedig a Szabad-ON katolikus dics\u0151\u00edt\u0151 zenekar v\u00e9gezte. Az imaalkalom alatt Nagy R\u00f3bert sz\u0151regi pl\u00e9b\u00e1nos tartott elm\u00e9lked\u00e9st, aki arra biztatta a jelenl\u00e9v\u0151ket, hogy merjenek Istenre n\u00e9zni, mert \u0150 az, aki a legm\u00e9lyebben ismeri az embert. \u201e\u0150 kimondja nevem \u00e9s \u00edgy a&hellip; <br \/> <a class=\"read-more\" href=\"https:\/\/ipcszeged.hu\/index.php\/2018\/12\/14\/adventi-face2face-eucharisztikus-imaest-2\/\">Read more<\/a><\/p>\n","protected":false},"author":1,"featured_media":15589,"comment_status":"closed","ping_status":"open","sticky":false,"template":"","format":"standard","meta":{"ngg_post_thumbnail":0,"footnotes":""},"categories":[1],"tags":[],"class_list":["post-15584","post","type-post","status-publish","format-standard","has-post-thumbnail","hentry","category-egyeb"],"_links":{"self":[{"href":"https:\/\/ipcszeged.hu\/index.php\/wp-json\/wp\/v2\/posts\/15584","targetHints":{"allow":["GET"]}}],"collection":[{"href":"https:\/\/ipcszeged.hu\/index.php\/wp-json\/wp\/v2\/posts"}],"about":[{"href":"https:\/\/ipcszeged.hu\/index.php\/wp-json\/wp\/v2\/types\/post"}],"author":[{"embeddable":true,"href":"https:\/\/ipcszeged.hu\/index.php\/wp-json\/wp\/v2\/users\/1"}],"replies":[{"embeddable":true,"href":"https:\/\/ipcszeged.hu\/index.php\/wp-json\/wp\/v2\/comments?post=15584"}],"version-history":[{"count":4,"href":"https:\/\/ipcszeged.hu\/index.php\/wp-json\/wp\/v2\/posts\/15584\/revisions"}],"predecessor-version":[{"id":15592,"href":"https:\/\/ipcszeged.hu\/index.php\/wp-json\/wp\/v2\/posts\/15584\/revisions\/15592"}],"wp:featuredmedia":[{"embeddable":true,"href":"https:\/\/ipcszeged.hu\/index.php\/wp-json\/wp\/v2\/media\/15589"}],"wp:attachment":[{"href":"https:\/\/ipcszeged.hu\/index.php\/wp-json\/wp\/v2\/media?parent=15584"}],"wp:term":[{"taxonomy":"category","embeddable":true,"href":"https:\/\/ipcszeged.hu\/index.php\/wp-json\/wp\/v2\/categories?post=15584"},{"taxonomy":"post_tag","embeddable":true,"href":"https:\/\/ipcszeged.hu\/index.php\/wp-json\/wp\/v2\/tags?post=15584"}],"curies":[{"name":"wp","href":"https:\/\/api.w.org\/{rel}","templated":true}]}}