{"id":15022,"date":"2018-12-04T11:37:41","date_gmt":"2018-12-04T11:37:41","guid":{"rendered":"http:\/\/www.ipcszeged.hu\/?p=15022"},"modified":"2018-12-04T11:47:56","modified_gmt":"2018-12-04T11:47:56","slug":"elo-betlehem","status":"publish","type":"post","link":"https:\/\/ipcszeged.hu\/index.php\/2018\/12\/04\/elo-betlehem\/","title":{"rendered":"\u00c9L\u0150 BETLEHEM"},"content":{"rendered":"<div style=\"text-align: center;\"><b><i>Szeretn\u00e9d \u00e1t\u00e9lni a Kar\u00e1csony igaz t\u00f6rt\u00e9net\u00e9t?<\/i><\/b><\/div>\n<div style=\"text-align: center;\"><b><i>L\u00e1tni, amit a p\u00e1sztorok \u00e9s az angyalok l\u00e1ttak?<\/i><\/b><\/div>\n<div style=\"text-align: center;\">&nbsp;<\/div>\n<div style=\"text-align: center;\"><b>Akkor szeretettel megh\u00edvunk csal\u00e1doddal \u00e9s bar\u00e1taiddal egy\u00fctt az imm\u00e1r harmadik alkalommal megrendez\u00e9sre ker\u00fcl\u0151<\/b><\/div>\n<div>&nbsp;<\/div>\n<div style=\"text-align: center;\"><b><span style=\"font-size: xx-large;\">\u00c9l\u0151 Betlehemre Szegeden<\/span><span style=\"font-size: large;\">,<\/span><\/b><\/div>\n<div>&nbsp;<\/div>\n<div style=\"text-align: center;\"><b>a Fokol\u00e1re K\u00f6z\u00f6ss\u00e9gi H\u00e1zban!<\/b><\/div>\n<div style=\"text-align: center;\">&nbsp;<\/div>\n<div style=\"text-align: center;\"><b><span style=\"font-size: xx-large;\">2018. december 22. szombat, 15:00 h<\/span><\/b><\/div>\n<div>&nbsp;<\/div>\n<div style=\"text-align: center;\">&#8211; Gy\u00fclekez\u00e9s: 14:30,&nbsp;<\/div>\n<div style=\"text-align: center;\">&#8211; Indul\u00e1s: 15:00 (N\u00e9pkert sor 7., az \u00fajszegedi Liget \u00e9s a Jankovich utca sark\u00e1r\u00f3l a Posta el\u0151l)<\/div>\n<div style=\"text-align: center;\">&#8211; V\u00e1rhat\u00f3 befejez\u00e9s: 18:30<\/div>\n<div style=\"text-align: center;\">&#8211; A kisfi\u00fak j\u00f6jjenek p\u00e1sztorruh\u00e1ban, a kisl\u00e1nyok pedig angyalnak \u00f6lt\u00f6zve.<\/div>\n<div style=\"text-align: center;\">&#8211; \u00d6r\u00f6mmel fogadunk s\u00fctem\u00e9nyt, innival\u00f3t.&nbsp;<\/div>\n<div style=\"text-align: center;\"><i>&#8220;Egy K\u00f6z\u00f6s Pont esem\u00e9ny&#8221;&nbsp;&nbsp;<\/i><\/div>\n<p style=\"text-align: center;\">&nbsp;<\/p>\n ","protected":false},"excerpt":{"rendered":"<p>Szeretn\u00e9d \u00e1t\u00e9lni a Kar\u00e1csony igaz t\u00f6rt\u00e9net\u00e9t? L\u00e1tni, amit a p\u00e1sztorok \u00e9s az angyalok l\u00e1ttak? &nbsp; Akkor szeretettel megh\u00edvunk csal\u00e1doddal \u00e9s bar\u00e1taiddal egy\u00fctt az imm\u00e1r harmadik alkalommal megrendez\u00e9sre ker\u00fcl\u0151 &nbsp; \u00c9l\u0151 Betlehemre Szegeden, &nbsp; a Fokol\u00e1re K\u00f6z\u00f6ss\u00e9gi H\u00e1zban! &nbsp; 2018. december 22. szombat, 15:00 h &nbsp; &#8211; Gy\u00fclekez\u00e9s: 14:30,&nbsp; &#8211; Indul\u00e1s: 15:00 (N\u00e9pkert sor 7., az&hellip; <br \/> <a class=\"read-more\" href=\"https:\/\/ipcszeged.hu\/index.php\/2018\/12\/04\/elo-betlehem\/\">Read more<\/a><\/p>\n","protected":false},"author":1,"featured_media":15024,"comment_status":"closed","ping_status":"open","sticky":false,"template":"","format":"standard","meta":{"ngg_post_thumbnail":0,"footnotes":""},"categories":[1],"tags":[],"class_list":["post-15022","post","type-post","status-publish","format-standard","has-post-thumbnail","hentry","category-egyeb"],"_links":{"self":[{"href":"https:\/\/ipcszeged.hu\/index.php\/wp-json\/wp\/v2\/posts\/15022","targetHints":{"allow":["GET"]}}],"collection":[{"href":"https:\/\/ipcszeged.hu\/index.php\/wp-json\/wp\/v2\/posts"}],"about":[{"href":"https:\/\/ipcszeged.hu\/index.php\/wp-json\/wp\/v2\/types\/post"}],"author":[{"embeddable":true,"href":"https:\/\/ipcszeged.hu\/index.php\/wp-json\/wp\/v2\/users\/1"}],"replies":[{"embeddable":true,"href":"https:\/\/ipcszeged.hu\/index.php\/wp-json\/wp\/v2\/comments?post=15022"}],"version-history":[{"count":1,"href":"https:\/\/ipcszeged.hu\/index.php\/wp-json\/wp\/v2\/posts\/15022\/revisions"}],"predecessor-version":[{"id":15025,"href":"https:\/\/ipcszeged.hu\/index.php\/wp-json\/wp\/v2\/posts\/15022\/revisions\/15025"}],"wp:featuredmedia":[{"embeddable":true,"href":"https:\/\/ipcszeged.hu\/index.php\/wp-json\/wp\/v2\/media\/15024"}],"wp:attachment":[{"href":"https:\/\/ipcszeged.hu\/index.php\/wp-json\/wp\/v2\/media?parent=15022"}],"wp:term":[{"taxonomy":"category","embeddable":true,"href":"https:\/\/ipcszeged.hu\/index.php\/wp-json\/wp\/v2\/categories?post=15022"},{"taxonomy":"post_tag","embeddable":true,"href":"https:\/\/ipcszeged.hu\/index.php\/wp-json\/wp\/v2\/tags?post=15022"}],"curies":[{"name":"wp","href":"https:\/\/api.w.org\/{rel}","templated":true}]}}