{"id":14985,"date":"2018-11-29T10:34:46","date_gmt":"2018-11-29T10:34:46","guid":{"rendered":"http:\/\/www.ipcszeged.hu\/?p=14985"},"modified":"2018-12-05T07:51:26","modified_gmt":"2018-12-05T07:51:26","slug":"advent-plusz-kihivas-2018-december-02-25","status":"publish","type":"post","link":"https:\/\/ipcszeged.hu\/index.php\/2018\/11\/29\/advent-plusz-kihivas-2018-december-02-25\/","title":{"rendered":"\u201cAdvent plusz\u201d kih\u00edv\u00e1s"},"content":{"rendered":"<h3 style=\"text-align: center;\">2018. december 02-25. k\u00f6z\u00f6tt<\/h3>\n<h2>Szereted a kih\u00edv\u00e1sokat<span class=\"_5mfr\"><span class=\"_6qdm\">\u2753<\/span><\/span><\/h2>\n<div class=\"text_exposed_show\">\n<p>Advent sok lehet\u0151s\u00e9get rejt, melyeket nem minden esetben haszn\u00e1lunk ki.<br \/>\nHogyan tudsz r\u00e9szt venni az Adventben? Seg\u00edt\u00fcnk neked!<br \/>\nSzeretn\u00e9nk megh\u00edvni egy kih\u00edv\u00e1sra, ahol lehet\u0151s\u00e9ged van megm\u00e9rettetni magad!<\/p>\n<p>A k\u00f6vetkez\u0151 szempontok alapj\u00e1n tudsz r\u00e9szt venni:<br \/>\n\u2022 Teljes\u00edts egy vagy t\u00f6bb kih\u00edv\u00e1st<br \/>\n\u2022 K\u00fcldj egy k\u00e9pet vagy szelfit (Ha nincs r\u00e1 lehet\u0151s\u00e9ged, nem musz\u00e1j!)<br \/>\n\u2022 K\u00e9sz\u00edts egy r\u00f6vid, 5-8 mondatos besz\u00e1mol\u00f3t<br \/>\n\u2022 K\u00fcldd el az ipc.szeged@gmail.com e-mail c\u00edmre<br \/>\n\u2022 T\u00f6ltsd ki az al\u00e1bbi linken l\u00e9v\u0151 hozz\u00e1j\u00e1rul\u00e1sod:<br \/>\n<a href=\"https:\/\/docs.google.com\/forms\/d\/e\/1FAIpQLSco7fuXwHlAo9rudScUTNvbOCO7JD53lI2Mip99SGS-Ptwcow\/viewform?fbclid=IwAR2MXHOfU0YTUMpBhFOeeKV4zb08i6btwqxJNn7YWoEQViTNlO4G4OAJ7OY\" target=\"_blank\" rel=\"noopener nofollow\" data-ft=\"{&quot;tn&quot;:&quot;-U&quot;}\" data-lynx-mode=\"async\" data-lynx-uri=\"https:\/\/l.facebook.com\/l.php?u=https%3A%2F%2Fdocs.google.com%2Fforms%2Fd%2Fe%2F1FAIpQLSco7fuXwHlAo9rudScUTNvbOCO7JD53lI2Mip99SGS-Ptwcow%2Fviewform%3Ffbclid%3DIwAR2MXHOfU0YTUMpBhFOeeKV4zb08i6btwqxJNn7YWoEQViTNlO4G4OAJ7OY&amp;h=AT2qnNMSccpfXwaYAhSzVnXvEr6twSGDD7cUn62nTgYoNPXFFU_aNtv6P8hoL8K4pauicztcIhmaA1-TBPr6wlVYN4Us0I3jLZDgPWdGCEnCFbJEEeodf1iSo9opquVuAkY142zj5EuZjn1OPnuaWbMIB9BOqAam3aVWpmteIxDtTjTcgnj3GsbJaiTNioLBqDq4fsNlfUFvtn4e14MQl--qjFifikQE1UA4oY9FvEniOJG0eObwShrm6raPdLVFyTydB96JpBtu8sm3io6cEytK0R4P1wu3oOpILdePLNuQa7beTirVB6BCFgWhDTXghnqI_dI0x3ZMszKOrCc8JUYS8kpo0gFpb0r-wKc0gfKnZB6be_mu8kFQoxVMduZBEPDH7g-qY3EcUpSCChoweQxOA_VclahQptvCwKsfGE6kAzG9rtAigz2S55Xw2r9sQXWklK0fTKScORJXSkaCcBJB9vl1pU4II84_R4F2VCrtuf-2Pv3moEU6r2yZ6so3efKvQHEbUgcBdspMHZCAeABnlhiHCHoYO7VzVtJZumBqY4zSVKP8TLxabHed8HQ4b8bC0P5h_HdYQC3vTbgxM_3cWwB9aXbtB_3wNsgJpiwcWepoIuKhPHm-caN_5jjU2-vecG9mCx1-6gar6nGJq__SdD3hMWHBqDqQbPpI\">https:\/\/docs.google.com\/\u2026\/1FAIpQLSco7fuXwHlAo9rudS\u2026\/viewform<\/a><\/p>\n<h4>Hajr\u00e1<span class=\"_5mfr\"><span class=\"_6qdm\">\u2757\ufe0f<\/span><\/span><\/h4>\n<p><a href=\"http:\/\/www.ipcszeged.hu\/index.php\/2018\/11\/29\/advent-plusz-kihivas-2018-december-02-25\/advent-plusz-kihivas-feladatok\/\" rel=\"attachment wp-att-14987\"><img loading=\"lazy\" decoding=\"async\" class=\"aligncenter size-full wp-image-14987\" src=\"http:\/\/www.ipcszeged.hu\/wp-content\/uploads\/2018\/11\/Advent-plusz-kih\u00edv\u00e1s-Feladatok.jpg\" alt=\"\" width=\"1019\" height=\"1576\" srcset=\"https:\/\/ipcszeged.hu\/wp-content\/uploads\/2018\/11\/Advent-plusz-kih\u00edv\u00e1s-Feladatok.jpg 1019w, https:\/\/ipcszeged.hu\/wp-content\/uploads\/2018\/11\/Advent-plusz-kih\u00edv\u00e1s-Feladatok-97x150.jpg 97w, https:\/\/ipcszeged.hu\/wp-content\/uploads\/2018\/11\/Advent-plusz-kih\u00edv\u00e1s-Feladatok-194x300.jpg 194w, https:\/\/ipcszeged.hu\/wp-content\/uploads\/2018\/11\/Advent-plusz-kih\u00edv\u00e1s-Feladatok-768x1188.jpg 768w, https:\/\/ipcszeged.hu\/wp-content\/uploads\/2018\/11\/Advent-plusz-kih\u00edv\u00e1s-Feladatok-698x1080.jpg 698w\" sizes=\"auto, (max-width: 1019px) 100vw, 1019px\" \/><\/a><\/p>\n<\/div>\n ","protected":false},"excerpt":{"rendered":"<p>2018. december 02-25. k\u00f6z\u00f6tt Szereted a kih\u00edv\u00e1sokat\u2753 Advent sok lehet\u0151s\u00e9get rejt, melyeket nem minden esetben haszn\u00e1lunk ki. Hogyan tudsz r\u00e9szt venni az Adventben? Seg\u00edt\u00fcnk neked! Szeretn\u00e9nk megh\u00edvni egy kih\u00edv\u00e1sra, ahol lehet\u0151s\u00e9ged van megm\u00e9rettetni magad! A k\u00f6vetkez\u0151 szempontok alapj\u00e1n tudsz r\u00e9szt venni: \u2022 Teljes\u00edts egy vagy t\u00f6bb kih\u00edv\u00e1st \u2022 K\u00fcldj egy k\u00e9pet vagy szelfit (Ha nincs&hellip; <br \/> <a class=\"read-more\" href=\"https:\/\/ipcszeged.hu\/index.php\/2018\/11\/29\/advent-plusz-kihivas-2018-december-02-25\/\">Read more<\/a><\/p>\n","protected":false},"author":1,"featured_media":15027,"comment_status":"closed","ping_status":"open","sticky":false,"template":"","format":"standard","meta":{"ngg_post_thumbnail":0,"footnotes":""},"categories":[1],"tags":[],"class_list":["post-14985","post","type-post","status-publish","format-standard","has-post-thumbnail","hentry","category-egyeb"],"_links":{"self":[{"href":"https:\/\/ipcszeged.hu\/index.php\/wp-json\/wp\/v2\/posts\/14985","targetHints":{"allow":["GET"]}}],"collection":[{"href":"https:\/\/ipcszeged.hu\/index.php\/wp-json\/wp\/v2\/posts"}],"about":[{"href":"https:\/\/ipcszeged.hu\/index.php\/wp-json\/wp\/v2\/types\/post"}],"author":[{"embeddable":true,"href":"https:\/\/ipcszeged.hu\/index.php\/wp-json\/wp\/v2\/users\/1"}],"replies":[{"embeddable":true,"href":"https:\/\/ipcszeged.hu\/index.php\/wp-json\/wp\/v2\/comments?post=14985"}],"version-history":[{"count":3,"href":"https:\/\/ipcszeged.hu\/index.php\/wp-json\/wp\/v2\/posts\/14985\/revisions"}],"predecessor-version":[{"id":15030,"href":"https:\/\/ipcszeged.hu\/index.php\/wp-json\/wp\/v2\/posts\/14985\/revisions\/15030"}],"wp:featuredmedia":[{"embeddable":true,"href":"https:\/\/ipcszeged.hu\/index.php\/wp-json\/wp\/v2\/media\/15027"}],"wp:attachment":[{"href":"https:\/\/ipcszeged.hu\/index.php\/wp-json\/wp\/v2\/media?parent=14985"}],"wp:term":[{"taxonomy":"category","embeddable":true,"href":"https:\/\/ipcszeged.hu\/index.php\/wp-json\/wp\/v2\/categories?post=14985"},{"taxonomy":"post_tag","embeddable":true,"href":"https:\/\/ipcszeged.hu\/index.php\/wp-json\/wp\/v2\/tags?post=14985"}],"curies":[{"name":"wp","href":"https:\/\/api.w.org\/{rel}","templated":true}]}}