{"id":14981,"date":"2018-11-27T13:49:22","date_gmt":"2018-11-27T13:49:22","guid":{"rendered":"http:\/\/www.ipcszeged.hu\/?p=14981"},"modified":"2018-12-05T07:54:41","modified_gmt":"2018-12-05T07:54:41","slug":"ipc-s-egyuttmukodes-a-debrecen-nyiregyhazi-egyhazmegyevel","status":"publish","type":"post","link":"https:\/\/ipcszeged.hu\/index.php\/2018\/11\/27\/ipc-s-egyuttmukodes-a-debrecen-nyiregyhazi-egyhazmegyevel\/","title":{"rendered":"IPC-s egy\u00fcttm\u0171k\u00f6d\u00e9s a Debrecen-Ny\u00edregyh\u00e1zi Egyh\u00e1zmegy\u00e9vel"},"content":{"rendered":"<p>Gaga Zsuzsa megh\u00edv\u00e1s\u00e1nak eleget t\u00e9ve ell\u00e1togattunk Ny\u00edrsz\u0151ll\u0151sre, az Atan\u00e1z-h\u00e1zba, ahol bemutattuk az iroda m\u0171k\u00f6d\u00e9s\u00e9t \u00e9s k\u00fcl\u00f6nf\u00e9le \u00f6nismereti feladatok seg\u00edts\u00e9g\u00e9vel azt, hogy hogyan k\u00e9sz\u00fclhetnek fel a k\u00f6z\u00f6ss\u00e9g vezet\u00e9sre.<\/p>\n<h5>Tal\u00e1lkoz\u00e1s c\u00e9lja<\/h5>\n<p>Egy\u00fcttm\u0171k\u00f6d\u00e9s megkezd\u00e9se a Szeged-Csan\u00e1di Egyh\u00e1zmegye \u00e9s a Debrecen-Ny\u00edregyh\u00e1zi Egyh\u00e1zmegye Ifj\u00fas\u00e1gpasztor\u00e1ci\u00f3s Irod\u00e1i k\u00f6z\u00f6tt, \u00e9s seg\u00edt\u00e9s az Evez\u0151 k\u00f6z\u00f6ss\u00e9gvezet\u0151 programban.<\/p>\nngg_shortcode_0_placeholder\n<p>Fot\u00f3: Sz\u0171cs Sebesty\u00e9n<\/p>\n ","protected":false},"excerpt":{"rendered":"<p>Gaga Zsuzsa megh\u00edv\u00e1s\u00e1nak eleget t\u00e9ve ell\u00e1togattunk Ny\u00edrsz\u0151ll\u0151sre, az Atan\u00e1z-h\u00e1zba, ahol bemutattuk az iroda m\u0171k\u00f6d\u00e9s\u00e9t \u00e9s k\u00fcl\u00f6nf\u00e9le \u00f6nismereti feladatok seg\u00edts\u00e9g\u00e9vel azt, hogy hogyan k\u00e9sz\u00fclhetnek fel a k\u00f6z\u00f6ss\u00e9g vezet\u00e9sre. Tal\u00e1lkoz\u00e1s c\u00e9lja Egy\u00fcttm\u0171k\u00f6d\u00e9s megkezd\u00e9se a Szeged-Csan\u00e1di Egyh\u00e1zmegye \u00e9s a Debrecen-Ny\u00edregyh\u00e1zi Egyh\u00e1zmegye Ifj\u00fas\u00e1gpasztor\u00e1ci\u00f3s Irod\u00e1i k\u00f6z\u00f6tt, \u00e9s seg\u00edt\u00e9s az Evez\u0151 k\u00f6z\u00f6ss\u00e9gvezet\u0151 programban. Fot\u00f3: Sz\u0171cs Sebesty\u00e9n<\/p>\n","protected":false},"author":1,"featured_media":14983,"comment_status":"closed","ping_status":"open","sticky":false,"template":"","format":"standard","meta":{"ngg_post_thumbnail":0,"footnotes":""},"categories":[1],"tags":[],"class_list":["post-14981","post","type-post","status-publish","format-standard","has-post-thumbnail","hentry","category-egyeb"],"_links":{"self":[{"href":"https:\/\/ipcszeged.hu\/index.php\/wp-json\/wp\/v2\/posts\/14981","targetHints":{"allow":["GET"]}}],"collection":[{"href":"https:\/\/ipcszeged.hu\/index.php\/wp-json\/wp\/v2\/posts"}],"about":[{"href":"https:\/\/ipcszeged.hu\/index.php\/wp-json\/wp\/v2\/types\/post"}],"author":[{"embeddable":true,"href":"https:\/\/ipcszeged.hu\/index.php\/wp-json\/wp\/v2\/users\/1"}],"replies":[{"embeddable":true,"href":"https:\/\/ipcszeged.hu\/index.php\/wp-json\/wp\/v2\/comments?post=14981"}],"version-history":[{"count":2,"href":"https:\/\/ipcszeged.hu\/index.php\/wp-json\/wp\/v2\/posts\/14981\/revisions"}],"predecessor-version":[{"id":15031,"href":"https:\/\/ipcszeged.hu\/index.php\/wp-json\/wp\/v2\/posts\/14981\/revisions\/15031"}],"wp:featuredmedia":[{"embeddable":true,"href":"https:\/\/ipcszeged.hu\/index.php\/wp-json\/wp\/v2\/media\/14983"}],"wp:attachment":[{"href":"https:\/\/ipcszeged.hu\/index.php\/wp-json\/wp\/v2\/media?parent=14981"}],"wp:term":[{"taxonomy":"category","embeddable":true,"href":"https:\/\/ipcszeged.hu\/index.php\/wp-json\/wp\/v2\/categories?post=14981"},{"taxonomy":"post_tag","embeddable":true,"href":"https:\/\/ipcszeged.hu\/index.php\/wp-json\/wp\/v2\/tags?post=14981"}],"curies":[{"name":"wp","href":"https:\/\/api.w.org\/{rel}","templated":true}]}}