{"id":14639,"date":"2018-11-07T14:20:01","date_gmt":"2018-11-07T14:20:01","guid":{"rendered":"http:\/\/www.ipcszeged.hu\/?p=14639"},"modified":"2018-11-07T14:20:01","modified_gmt":"2018-11-07T14:20:01","slug":"adventi-face2face-eucharisztikus-imaest","status":"publish","type":"post","link":"https:\/\/ipcszeged.hu\/index.php\/2018\/11\/07\/adventi-face2face-eucharisztikus-imaest\/","title":{"rendered":"Adventi face2Face Eucharisztikus imaest"},"content":{"rendered":"<h4 style=\"text-align: center;\">Nagy szeretettel h\u00edv tirteket a Szeged-Csan\u00e1di Egyh\u00e1zmegye Ifj\u00fas\u00e1gpasztor\u00e1ci\u00f3s Irod\u00e1ja \u00e9s a szegedi F\u00f6ld S\u00f3ja Karizmatikus Ifj\u00fas\u00e1gi K\u00f6z\u00f6ss\u00e9g !<\/p>\n<p>\u201eVessz\u0151 k\u00e9l majd Iz\u00e1j t\u00f6rzs\u00f6k\u00e9b\u0151l, hajt\u00e1s sarjad gy\u00f6ker\u00e9b\u0151l.\u201d<\/h4>\n<h4 style=\"text-align: center;\">(Iz 11,1)<\/p>\n<p>Id\u0151pont: 2018. december 12.<br \/>\nHelysz\u00edn: D\u00f3m, L\u00e1togat\u00f3k\u00f6zpont (6720 Szeged, D\u00f3m t\u00e9r 16.)<\/p>\n<p>El\u0151ad\u00f3: Nagy Robi atya<\/p>\n<p>Tal\u00e1lkozzunk Szeged sz\u00edv\u00e9ben, hogy vessz\u0151 fakadhasson sz\u00edv\u00fcnkb\u0151l a hideg t\u00e9len!&nbsp;<\/p>\n<p><a href=\"https:\/\/www.facebook.com\/face2Face.imaest\/\" target=\"_blank\" rel=\"noopener\">https:\/\/www.facebook.com\/face2Face.imaest\/<\/a><\/h4>\n ","protected":false},"excerpt":{"rendered":"<p>Nagy szeretettel h\u00edv tirteket a Szeged-Csan\u00e1di Egyh\u00e1zmegye Ifj\u00fas\u00e1gpasztor\u00e1ci\u00f3s Irod\u00e1ja \u00e9s a szegedi F\u00f6ld S\u00f3ja Karizmatikus Ifj\u00fas\u00e1gi K\u00f6z\u00f6ss\u00e9g ! \u201eVessz\u0151 k\u00e9l majd Iz\u00e1j t\u00f6rzs\u00f6k\u00e9b\u0151l, hajt\u00e1s sarjad gy\u00f6ker\u00e9b\u0151l.\u201d (Iz 11,1) Id\u0151pont: 2018. december 12. Helysz\u00edn: D\u00f3m, L\u00e1togat\u00f3k\u00f6zpont (6720 Szeged, D\u00f3m t\u00e9r 16.) El\u0151ad\u00f3: Nagy Robi atya Tal\u00e1lkozzunk Szeged sz\u00edv\u00e9ben, hogy vessz\u0151 fakadhasson sz\u00edv\u00fcnkb\u0151l a hideg t\u00e9len!&nbsp; https:\/\/www.facebook.com\/face2Face.imaest\/<\/p>\n","protected":false},"author":1,"featured_media":14641,"comment_status":"closed","ping_status":"open","sticky":false,"template":"","format":"standard","meta":{"ngg_post_thumbnail":0,"footnotes":""},"categories":[1],"tags":[],"class_list":["post-14639","post","type-post","status-publish","format-standard","has-post-thumbnail","hentry","category-egyeb"],"_links":{"self":[{"href":"https:\/\/ipcszeged.hu\/index.php\/wp-json\/wp\/v2\/posts\/14639","targetHints":{"allow":["GET"]}}],"collection":[{"href":"https:\/\/ipcszeged.hu\/index.php\/wp-json\/wp\/v2\/posts"}],"about":[{"href":"https:\/\/ipcszeged.hu\/index.php\/wp-json\/wp\/v2\/types\/post"}],"author":[{"embeddable":true,"href":"https:\/\/ipcszeged.hu\/index.php\/wp-json\/wp\/v2\/users\/1"}],"replies":[{"embeddable":true,"href":"https:\/\/ipcszeged.hu\/index.php\/wp-json\/wp\/v2\/comments?post=14639"}],"version-history":[{"count":1,"href":"https:\/\/ipcszeged.hu\/index.php\/wp-json\/wp\/v2\/posts\/14639\/revisions"}],"predecessor-version":[{"id":14642,"href":"https:\/\/ipcszeged.hu\/index.php\/wp-json\/wp\/v2\/posts\/14639\/revisions\/14642"}],"wp:featuredmedia":[{"embeddable":true,"href":"https:\/\/ipcszeged.hu\/index.php\/wp-json\/wp\/v2\/media\/14641"}],"wp:attachment":[{"href":"https:\/\/ipcszeged.hu\/index.php\/wp-json\/wp\/v2\/media?parent=14639"}],"wp:term":[{"taxonomy":"category","embeddable":true,"href":"https:\/\/ipcszeged.hu\/index.php\/wp-json\/wp\/v2\/categories?post=14639"},{"taxonomy":"post_tag","embeddable":true,"href":"https:\/\/ipcszeged.hu\/index.php\/wp-json\/wp\/v2\/tags?post=14639"}],"curies":[{"name":"wp","href":"https:\/\/api.w.org\/{rel}","templated":true}]}}