{"id":14625,"date":"2018-11-05T10:33:33","date_gmt":"2018-11-05T10:33:33","guid":{"rendered":"http:\/\/www.ipcszeged.hu\/?p=14625"},"modified":"2018-11-05T10:33:54","modified_gmt":"2018-11-05T10:33:54","slug":"14625","status":"publish","type":"post","link":"https:\/\/ipcszeged.hu\/index.php\/2018\/11\/05\/14625\/","title":{"rendered":"Adventi IFI 7v\u00e9ge"},"content":{"rendered":"<h4 style=\"text-align: center;\">Gondolkodt\u00e1l m\u00e1r azon, hogy mit&nbsp;csin\u00e1lsz Advent 1. h\u00e9tv\u00e9g\u00e9j\u00e9n?<\/h4>\n<h4 style=\"text-align: center;\">Ha m\u00e9g nincs programod, akkor mi tudunk neked aj\u00e1nlani egyet!<\/h4>\n<h2 style=\"text-align: center;\">Adventi IFI 7v\u00e9ge<\/h2>\n<p>&nbsp;<\/p>\n<p><strong>Mikor?<\/strong> 2018. november. 30 &#8211; december 02. k\u00f6z\u00f6tt<\/p>\n<p><strong>Hol?<\/strong> Domasz\u00e9k, Z\u00f6ldf\u00e1s<\/p>\n<p><strong>Kiknek?<\/strong> 14-18 \u00e9ves k\u00f6z\u00f6tti koroszt\u00e1ly<\/p>\n<p><strong>Mi\u00e9rt gyere el?<\/strong><\/p>\n<ul>\n<li>Hogy \u00e1tgondold, mit szeretn\u00e9l megv\u00e1ltoztatni az \u00e9letedben<\/li>\n<li>Hogy min\u00e9l k\u00f6zelebb ker\u00fclj Istenhez a k\u00e9sz\u00fclet ideje alatt<\/li>\n<li>Hogy tal\u00e1lkozz olyanokkal, akik nyitottak J\u00e9zusra<\/li>\n<li>Hogy min\u0151s\u00e9gien teljen az Advented egy kis \u00fatraval\u00f3val<\/li>\n<\/ul>\n<p>&nbsp;<\/p>\n<h3 style=\"text-align: center;\">Az al\u00e1bbi linken tudsz jelentkezni:<\/h3>\n<h2 style=\"text-align: center;\"><a href=\"https:\/\/docs.google.com\/forms\/d\/e\/1FAIpQLSdyGuDvet5yTiGVlwuMR1sDogGbgCxVOnVBCoEUSaz6oCjqow\/viewform\">REGISZTR\u00c1LOK<\/a><\/h2>\n<h3>&nbsp;<\/h3>\n ","protected":false},"excerpt":{"rendered":"<p>Gondolkodt\u00e1l m\u00e1r azon, hogy mit&nbsp;csin\u00e1lsz Advent 1. h\u00e9tv\u00e9g\u00e9j\u00e9n? Ha m\u00e9g nincs programod, akkor mi tudunk neked aj\u00e1nlani egyet! Adventi IFI 7v\u00e9ge &nbsp; Mikor? 2018. november. 30 &#8211; december 02. k\u00f6z\u00f6tt Hol? Domasz\u00e9k, Z\u00f6ldf\u00e1s Kiknek? 14-18 \u00e9ves k\u00f6z\u00f6tti koroszt\u00e1ly Mi\u00e9rt gyere el? Hogy \u00e1tgondold, mit szeretn\u00e9l megv\u00e1ltoztatni az \u00e9letedben Hogy min\u00e9l k\u00f6zelebb ker\u00fclj Istenhez a k\u00e9sz\u00fclet&hellip; <br \/> <a class=\"read-more\" href=\"https:\/\/ipcszeged.hu\/index.php\/2018\/11\/05\/14625\/\">Read more<\/a><\/p>\n","protected":false},"author":1,"featured_media":14626,"comment_status":"closed","ping_status":"open","sticky":false,"template":"","format":"standard","meta":{"ngg_post_thumbnail":0,"footnotes":""},"categories":[1],"tags":[],"class_list":["post-14625","post","type-post","status-publish","format-standard","has-post-thumbnail","hentry","category-egyeb"],"_links":{"self":[{"href":"https:\/\/ipcszeged.hu\/index.php\/wp-json\/wp\/v2\/posts\/14625","targetHints":{"allow":["GET"]}}],"collection":[{"href":"https:\/\/ipcszeged.hu\/index.php\/wp-json\/wp\/v2\/posts"}],"about":[{"href":"https:\/\/ipcszeged.hu\/index.php\/wp-json\/wp\/v2\/types\/post"}],"author":[{"embeddable":true,"href":"https:\/\/ipcszeged.hu\/index.php\/wp-json\/wp\/v2\/users\/1"}],"replies":[{"embeddable":true,"href":"https:\/\/ipcszeged.hu\/index.php\/wp-json\/wp\/v2\/comments?post=14625"}],"version-history":[{"count":2,"href":"https:\/\/ipcszeged.hu\/index.php\/wp-json\/wp\/v2\/posts\/14625\/revisions"}],"predecessor-version":[{"id":14628,"href":"https:\/\/ipcszeged.hu\/index.php\/wp-json\/wp\/v2\/posts\/14625\/revisions\/14628"}],"wp:featuredmedia":[{"embeddable":true,"href":"https:\/\/ipcszeged.hu\/index.php\/wp-json\/wp\/v2\/media\/14626"}],"wp:attachment":[{"href":"https:\/\/ipcszeged.hu\/index.php\/wp-json\/wp\/v2\/media?parent=14625"}],"wp:term":[{"taxonomy":"category","embeddable":true,"href":"https:\/\/ipcszeged.hu\/index.php\/wp-json\/wp\/v2\/categories?post=14625"},{"taxonomy":"post_tag","embeddable":true,"href":"https:\/\/ipcszeged.hu\/index.php\/wp-json\/wp\/v2\/tags?post=14625"}],"curies":[{"name":"wp","href":"https:\/\/api.w.org\/{rel}","templated":true}]}}