{"id":1462,"date":"2016-06-14T07:26:05","date_gmt":"2016-06-14T07:26:05","guid":{"rendered":"http:\/\/www.ipcszeged.hu\/?p=1462"},"modified":"2016-06-14T07:26:05","modified_gmt":"2016-06-14T07:26:05","slug":"es-te-elkezdtel-mar-pakolni-az-ivt-re","status":"publish","type":"post","link":"https:\/\/ipcszeged.hu\/index.php\/2016\/06\/14\/es-te-elkezdtel-mar-pakolni-az-ivt-re\/","title":{"rendered":"\u00c9s TE?&#8230;..elkezdt\u00e9l m\u00e1r pakolni az IVT-re????"},"content":{"rendered":"<p>&nbsp;<\/p>\n<h4 style=\"text-align: center;\"><strong>Kedves Fiatalok!<\/strong><\/h4>\n<h5 style=\"text-align: center;\"><b>Alig egy h\u00f3nap m\u00falva elkezd\u0151dik a katolikus Ifj\u00fas\u00e1gi Vil\u00e1gtal\u00e1lkoz\u00f3. Lengyel testv\u00e9reink \u00e9s azon bel\u00fcl a krakk\u00f3iak nagyon k\u00e9sz\u00fclnek, hatalmas l\u00e1zban \u00e9g az eg\u00e9sz orsz\u00e1g. \u00cdme a mi k\u00e9sz\u00fclet\u00fcnk n\u00e9h\u00e1ny pontban: \u00a0<\/b><\/h5>\n<p><span style=\"font-weight: 400;\">\u00a0<\/span><\/p>\n<ul>\n<li>\n<h5><span style=\"font-weight: 400;\">Mind a 98 jelentkez\u0151t felregisztr\u00e1ltuk az orsz\u00e1gos regisztr\u00e1ci\u00f3s rendszerbe!<\/span><\/h5>\n<\/li>\n<li>\n<h5><span style=\"font-weight: 400;\">Utal\u00e1sra felk\u00e9sz\u00fclve!<\/span><\/h5>\n<\/li>\n<li>\n<h5><span style=\"font-weight: 400;\">Buszaink indul\u00e1sra k\u00e9szen!<\/span><\/h5>\n<\/li>\n<li>\n<h5><span style=\"font-weight: 400;\">\u00c9lm\u00e9nyek bet\u00f6ltve, koordin\u00e1t\u00e1k bet\u00e1pl\u00e1lva<\/span><\/h5>\n<\/li>\n<li>\n<h5><span style=\"font-weight: 400;\">4300 f\u0151 magyar r\u00e9sztvev\u0151<\/span><\/h5>\n<\/li>\n<li>\n<h5 style=\"text-align: justify;\"><span style=\"font-weight: 400;\">9 magyar p\u00fcsp\u00f6k az IVT-n (B\u00f6cskei L\u00e1szl\u00f3 p\u00fcsp\u00f6k \u00far, Beer Mikl\u00f3s p\u00fcsp\u00f6k \u00far, Erd\u0151 P\u00e9ter b\u00edboros \u00far, Orosz Atan\u00e1z p\u00fcsp\u00f6k \u00far, Sz\u00e9kely J\u00e1nos p\u00fcsp\u00f6k \u00far, Terny\u00e1k Csaba p\u00fcsp\u00f6k \u00far, Udvardy Gy\u00f6rgy p\u00fcsp\u00f6k \u00far, Kocsis F\u00fcl\u00f6p metropolita, Pal\u00e1nki Ferenc p\u00fcsp\u00f6k \u00far)<\/span><\/h5>\n<\/li>\n<\/ul>\n<p><span style=\"font-weight: 400;\">\u00a0<\/span><b>K\u00e9sz\u00fcletr\u0151l el kell mondani, hogy a lengyelek hatalmas sz\u00e1mokr\u00f3l besz\u00e9lnek. Az els\u0151 egy kicsit humoros, de igaz: <\/b><\/p>\n<ul>\n<li>\n<h5 style=\"text-align: justify;\"><span style=\"font-weight: 400;\">Vend\u00e9gek sz\u00e1m\u00e1ra fenntartott hely:\u00a0<\/span><span style=\"font-weight: 400;\">312\u00a0679 km\u00b2\u00a0(Lengyelorsz\u00e1g teljes ter\u00fclete)<\/span><\/h5>\n<\/li>\n<\/ul>\n<p><b>Mivel Krakk\u00f3 lesz a k\u00f6zponti esem\u00e9nyek helysz\u00edne, \u00edgy az elm\u00falt \u00e9vekben komoly beruh\u00e1z\u00e1sok voltak: <\/b><\/p>\n<ul>\n<li>\n<h5 style=\"text-align: justify;\"><span style=\"font-weight: 400;\">\u00daj utak \u00e9s vas\u00fatvonalak \u00e9p\u00edt\u00e9se a v\u00e1ros 100 km-es k\u00f6rnyezet\u00e9ben. Ez megk\u00f6nny\u00edti a csoportok k\u00f6zleked\u00e9s\u00e9t.<\/span><\/h5>\n<\/li>\n<li>\n<h5 style=\"text-align: justify;\"><span style=\"font-weight: 400;\"> Komoly figyelmet ford\u00edtanak az eg\u00e9szs\u00e9gre: 11 ment\u0151helikoptert \u00e1ll\u00edtanak k\u00e9szenl\u00e9tbe;\u00a0134 els\u0151seg\u00e9lyny\u00fajt\u00f3 egys\u00e9g; 1800 felszabad\u00edtott korh\u00e1zi \u00e1gy.<\/span><\/h5>\n<\/li>\n<\/ul>\n<p><b>Biztons\u00e1gi k\u00e9rd\u00e9sek:<\/b><\/p>\n<ul>\n<li>\n<h5 style=\"text-align: justify;\"><span style=\"font-weight: 400;\">Napjainkban m\u00e1r minden nagyobbnak mondhat\u00f3 rendezv\u00e9ny est\u00e9ben fontos a biztons\u00e1gi kock\u00e1zat felm\u00e9r\u00e9se. Ezt er\u0151s\u00edti, hogy Krakk\u00f3ban: 5000 rend\u0151rt; 2400 t\u0171zolt\u00f3t; 1500 hat\u00e1r\u0151rt \u00e9s 760 csend\u0151rt \u00e1ll\u00edtanak szolg\u00e1latba. Mint tudjuk, 100%-os biztons\u00e1g nincs sehol, de a lengyelek egy\u00fcttm\u0171k\u00f6dve a Szentsz\u00e9kkel mindent megtesznek az\u00e9rt, hogy egy j\u00f3l siker\u00fclt tal\u00e1lkoz\u00f3n vehess\u00fcnk r\u00e9szt. Ehhez hozz\u00e1j\u00e1rulnak a k\u00fcl\u00f6nb\u00f6z\u0151 szolg\u00e1latok emberei is. <\/span><\/h5>\n<\/li>\n<\/ul>\n<h3 style=\"text-align: center;\"><span style=\"font-weight: 400;\">\u00a0<\/span><b><i>\u00c9s Te? \u2026\u2026 elkezdt\u00e9l m\u00e1r pakolni????<\/i><\/b><\/h3>\n<h3 style=\"text-align: center;\"><b><i>Ir\u00e1ny Krakk\u00f3!<\/i><\/b><\/h3>\n<p style=\"text-align: center;\"><span style=\"font-weight: 400;\">\u00a0<\/span><span style=\"font-weight: 400;\">Hamarosan \u00fajabb inf\u00f3kkal\u00a0jelentkez\u00fcnk!<\/span><\/p>\n<p>&nbsp;<\/p>\n ","protected":false},"excerpt":{"rendered":"<p>&nbsp; Kedves Fiatalok! Alig egy h\u00f3nap m\u00falva elkezd\u0151dik a katolikus Ifj\u00fas\u00e1gi Vil\u00e1gtal\u00e1lkoz\u00f3. Lengyel testv\u00e9reink \u00e9s azon bel\u00fcl a krakk\u00f3iak nagyon k\u00e9sz\u00fclnek, hatalmas l\u00e1zban \u00e9g az eg\u00e9sz orsz\u00e1g. \u00cdme a mi k\u00e9sz\u00fclet\u00fcnk n\u00e9h\u00e1ny pontban: \u00a0 \u00a0 Mind a 98 jelentkez\u0151t felregisztr\u00e1ltuk az orsz\u00e1gos regisztr\u00e1ci\u00f3s rendszerbe! Utal\u00e1sra felk\u00e9sz\u00fclve! Buszaink indul\u00e1sra k\u00e9szen! \u00c9lm\u00e9nyek bet\u00f6ltve, koordin\u00e1t\u00e1k bet\u00e1pl\u00e1lva 4300 f\u0151&hellip; <br \/> <a class=\"read-more\" href=\"https:\/\/ipcszeged.hu\/index.php\/2016\/06\/14\/es-te-elkezdtel-mar-pakolni-az-ivt-re\/\">Read more<\/a><\/p>\n","protected":false},"author":1,"featured_media":1463,"comment_status":"closed","ping_status":"open","sticky":false,"template":"","format":"standard","meta":{"ngg_post_thumbnail":0,"footnotes":""},"categories":[1],"tags":[],"class_list":["post-1462","post","type-post","status-publish","format-standard","has-post-thumbnail","hentry","category-egyeb"],"_links":{"self":[{"href":"https:\/\/ipcszeged.hu\/index.php\/wp-json\/wp\/v2\/posts\/1462","targetHints":{"allow":["GET"]}}],"collection":[{"href":"https:\/\/ipcszeged.hu\/index.php\/wp-json\/wp\/v2\/posts"}],"about":[{"href":"https:\/\/ipcszeged.hu\/index.php\/wp-json\/wp\/v2\/types\/post"}],"author":[{"embeddable":true,"href":"https:\/\/ipcszeged.hu\/index.php\/wp-json\/wp\/v2\/users\/1"}],"replies":[{"embeddable":true,"href":"https:\/\/ipcszeged.hu\/index.php\/wp-json\/wp\/v2\/comments?post=1462"}],"version-history":[{"count":1,"href":"https:\/\/ipcszeged.hu\/index.php\/wp-json\/wp\/v2\/posts\/1462\/revisions"}],"predecessor-version":[{"id":1464,"href":"https:\/\/ipcszeged.hu\/index.php\/wp-json\/wp\/v2\/posts\/1462\/revisions\/1464"}],"wp:featuredmedia":[{"embeddable":true,"href":"https:\/\/ipcszeged.hu\/index.php\/wp-json\/wp\/v2\/media\/1463"}],"wp:attachment":[{"href":"https:\/\/ipcszeged.hu\/index.php\/wp-json\/wp\/v2\/media?parent=1462"}],"wp:term":[{"taxonomy":"category","embeddable":true,"href":"https:\/\/ipcszeged.hu\/index.php\/wp-json\/wp\/v2\/categories?post=1462"},{"taxonomy":"post_tag","embeddable":true,"href":"https:\/\/ipcszeged.hu\/index.php\/wp-json\/wp\/v2\/tags?post=1462"}],"curies":[{"name":"wp","href":"https:\/\/api.w.org\/{rel}","templated":true}]}}