{"id":14619,"date":"2018-10-29T12:33:45","date_gmt":"2018-10-29T12:33:45","guid":{"rendered":"http:\/\/www.ipcszeged.hu\/?p=14619"},"modified":"2018-10-29T12:38:07","modified_gmt":"2018-10-29T12:38:07","slug":"egy-jutalom-kirandulas-margojara","status":"publish","type":"post","link":"https:\/\/ipcszeged.hu\/index.php\/2018\/10\/29\/egy-jutalom-kirandulas-margojara\/","title":{"rendered":"Egy jutalom kir\u00e1ndul\u00e1s marg\u00f3j\u00e1ra"},"content":{"rendered":"<p style=\"text-align: center;\">2018. okt\u00f3ber 27-\u00e9n az IPC \u00e9s Kateketika Iroda \u00f6nk\u00e9ntesei P\u00e9csre l\u00e1togathattak. Az \u00f6nk\u00e9ntesek az \u00e9v sor\u00e1n t\u00f6bb alkalommal \u00e9s t\u00f6bb programon kereszt\u00fcl kapcsol\u00f3dnak az irod\u00e1k tev\u00e9kenys\u00e9g\u00e9hez. \u00d6nk\u00e9ntes munk\u00e1juknak k\u00f6sz\u00f6nhet\u0151en szervez\u0151dnek id\u0151r\u0151l id\u0151re a k\u00e9t iroda programjai, mint p\u00e9ld\u00e1ul Szent Gell\u00e9rt Nap, Egyh\u00e1zmegyei Ny\u00e1ri T\u00e1bor, Hittanos Tal\u00e1lkoz\u00f3, Egyh\u00e1zmegyei Zar\u00e1ndoklat, Egyh\u00e1zmegyei Lelkinap. A kir\u00e1ndul\u00e1sra a&nbsp; megh\u00edvott \u00f6nk\u00e9ntesb\u0151l 25-en j\u00f6ttek el. A csoport megl\u00e1togatta a p\u00e9csi p\u00fcsp\u00f6ki palot\u00e1t \u00e9s sz\u00e9kesegyh\u00e1zat, majd tov\u00e1bb indultak M\u00e1riagy\u0171dre. A kir\u00e1ndul\u00e1st pedig a Vill\u00e1nyi dombok k\u00f6z\u00f6tt egy bork\u00f3stol\u00f3val z\u00e1rt\u00e1k a szervez\u0151k.<\/p>\nngg_shortcode_0_placeholder\n ","protected":false},"excerpt":{"rendered":"<p>2018. okt\u00f3ber 27-\u00e9n az IPC \u00e9s Kateketika Iroda \u00f6nk\u00e9ntesei P\u00e9csre l\u00e1togathattak. Az \u00f6nk\u00e9ntesek az \u00e9v sor\u00e1n t\u00f6bb alkalommal \u00e9s t\u00f6bb programon kereszt\u00fcl kapcsol\u00f3dnak az irod\u00e1k tev\u00e9kenys\u00e9g\u00e9hez. \u00d6nk\u00e9ntes munk\u00e1juknak k\u00f6sz\u00f6nhet\u0151en szervez\u0151dnek id\u0151r\u0151l id\u0151re a k\u00e9t iroda programjai, mint p\u00e9ld\u00e1ul Szent Gell\u00e9rt Nap, Egyh\u00e1zmegyei Ny\u00e1ri T\u00e1bor, Hittanos Tal\u00e1lkoz\u00f3, Egyh\u00e1zmegyei Zar\u00e1ndoklat, Egyh\u00e1zmegyei Lelkinap. A kir\u00e1ndul\u00e1sra a&nbsp; megh\u00edvott \u00f6nk\u00e9ntesb\u0151l&hellip; <br \/> <a class=\"read-more\" href=\"https:\/\/ipcszeged.hu\/index.php\/2018\/10\/29\/egy-jutalom-kirandulas-margojara\/\">Read more<\/a><\/p>\n","protected":false},"author":1,"featured_media":14622,"comment_status":"closed","ping_status":"open","sticky":false,"template":"","format":"standard","meta":{"ngg_post_thumbnail":0,"footnotes":""},"categories":[1],"tags":[],"class_list":["post-14619","post","type-post","status-publish","format-standard","has-post-thumbnail","hentry","category-egyeb"],"_links":{"self":[{"href":"https:\/\/ipcszeged.hu\/index.php\/wp-json\/wp\/v2\/posts\/14619","targetHints":{"allow":["GET"]}}],"collection":[{"href":"https:\/\/ipcszeged.hu\/index.php\/wp-json\/wp\/v2\/posts"}],"about":[{"href":"https:\/\/ipcszeged.hu\/index.php\/wp-json\/wp\/v2\/types\/post"}],"author":[{"embeddable":true,"href":"https:\/\/ipcszeged.hu\/index.php\/wp-json\/wp\/v2\/users\/1"}],"replies":[{"embeddable":true,"href":"https:\/\/ipcszeged.hu\/index.php\/wp-json\/wp\/v2\/comments?post=14619"}],"version-history":[{"count":2,"href":"https:\/\/ipcszeged.hu\/index.php\/wp-json\/wp\/v2\/posts\/14619\/revisions"}],"predecessor-version":[{"id":14623,"href":"https:\/\/ipcszeged.hu\/index.php\/wp-json\/wp\/v2\/posts\/14619\/revisions\/14623"}],"wp:featuredmedia":[{"embeddable":true,"href":"https:\/\/ipcszeged.hu\/index.php\/wp-json\/wp\/v2\/media\/14622"}],"wp:attachment":[{"href":"https:\/\/ipcszeged.hu\/index.php\/wp-json\/wp\/v2\/media?parent=14619"}],"wp:term":[{"taxonomy":"category","embeddable":true,"href":"https:\/\/ipcszeged.hu\/index.php\/wp-json\/wp\/v2\/categories?post=14619"},{"taxonomy":"post_tag","embeddable":true,"href":"https:\/\/ipcszeged.hu\/index.php\/wp-json\/wp\/v2\/tags?post=14619"}],"curies":[{"name":"wp","href":"https:\/\/api.w.org\/{rel}","templated":true}]}}