{"id":1443,"date":"2016-06-07T12:41:32","date_gmt":"2016-06-07T12:41:32","guid":{"rendered":"http:\/\/www.ipcszeged.hu\/?p=1443"},"modified":"2016-06-08T08:31:33","modified_gmt":"2016-06-08T08:31:33","slug":"evezz-a-melyre-lk-54","status":"publish","type":"post","link":"https:\/\/ipcszeged.hu\/index.php\/2016\/06\/07\/evezz-a-melyre-lk-54\/","title":{"rendered":"&#8220;Evezz a m\u00e9lyre!&#8221; (Lk 5,4)"},"content":{"rendered":"<h4 style=\"text-align: center;\">2016. j\u00fanius 3-4-\u00e9n szervezt\u00fck meg a Vitorla &#8211; Tartsd az ir\u00e1nyt! ifj\u00fas\u00e1gi k\u00f6z\u00f6ss\u00e9gvezet\u0151 k\u00e9pz\u00e9s 2. alkalm\u00e1t. Ezen a h\u00e9tv\u00e9g\u00e9n az evangeliz\u00e1ci\u00f3 t\u00e9m\u00e1j\u00e1t a Szent Andr\u00e1s Evangeliz\u00e1ci\u00f3s Iskola tagjai Gyuris Gell\u00e9rt, Ferenczi Csaba \u00e9s Tarj\u00e1nyi Anita vezett\u00e9k be. Kiemelt\u00e9k, hogy nagyon fontos az, hogy hogyan k\u00f6zvet\u00edtj\u00fck az &#8220;\u00dczenetet&#8221; \u00e9s azt, hogy a ma ember\u00e9nek mai m\u00f3don kell k\u00f6zvet\u00edteni az Evang\u00e9lium \u00f6r\u00f6m\u00e9t. T\u00f6bb imaform\u00e1t is hoztak a k\u00f6z\u00f6ss\u00e9gbe.<\/h4>\n<h4 style=\"text-align: center;\">Szombaton d\u00e9lut\u00e1n pedig P\u00e9csi Rita mutatott r\u00e1 a 13-18 \u00e9ves serd\u00fcl\u0151k saj\u00e1tos von\u00e1saira, majd bepillant\u00e1st ny\u00fajtott a motiv\u00e1ci\u00f3r\u00f3l.<\/h4>\n<h4>A k\u00e9pz\u00e9s k\u00e9pekben:<\/h4>\n<h4><a href=\"http:\/\/www.ipcszeged.hu\/index.php\/vitorla\/galeria\/\">gal\u00e9ria<\/a><\/h4>\n ","protected":false},"excerpt":{"rendered":"<p>2016. j\u00fanius 3-4-\u00e9n szervezt\u00fck meg a Vitorla &#8211; Tartsd az ir\u00e1nyt! ifj\u00fas\u00e1gi k\u00f6z\u00f6ss\u00e9gvezet\u0151 k\u00e9pz\u00e9s 2. alkalm\u00e1t. Ezen a h\u00e9tv\u00e9g\u00e9n az evangeliz\u00e1ci\u00f3 t\u00e9m\u00e1j\u00e1t a Szent Andr\u00e1s Evangeliz\u00e1ci\u00f3s Iskola tagjai Gyuris Gell\u00e9rt, Ferenczi Csaba \u00e9s Tarj\u00e1nyi Anita vezett\u00e9k be. Kiemelt\u00e9k, hogy nagyon fontos az, hogy hogyan k\u00f6zvet\u00edtj\u00fck az &#8220;\u00dczenetet&#8221; \u00e9s azt, hogy a ma ember\u00e9nek mai m\u00f3don&hellip; <br \/> <a class=\"read-more\" href=\"https:\/\/ipcszeged.hu\/index.php\/2016\/06\/07\/evezz-a-melyre-lk-54\/\">Read more<\/a><\/p>\n","protected":false},"author":1,"featured_media":1444,"comment_status":"closed","ping_status":"open","sticky":false,"template":"","format":"standard","meta":{"ngg_post_thumbnail":0,"footnotes":""},"categories":[1],"tags":[],"class_list":["post-1443","post","type-post","status-publish","format-standard","has-post-thumbnail","hentry","category-egyeb"],"_links":{"self":[{"href":"https:\/\/ipcszeged.hu\/index.php\/wp-json\/wp\/v2\/posts\/1443","targetHints":{"allow":["GET"]}}],"collection":[{"href":"https:\/\/ipcszeged.hu\/index.php\/wp-json\/wp\/v2\/posts"}],"about":[{"href":"https:\/\/ipcszeged.hu\/index.php\/wp-json\/wp\/v2\/types\/post"}],"author":[{"embeddable":true,"href":"https:\/\/ipcszeged.hu\/index.php\/wp-json\/wp\/v2\/users\/1"}],"replies":[{"embeddable":true,"href":"https:\/\/ipcszeged.hu\/index.php\/wp-json\/wp\/v2\/comments?post=1443"}],"version-history":[{"count":3,"href":"https:\/\/ipcszeged.hu\/index.php\/wp-json\/wp\/v2\/posts\/1443\/revisions"}],"predecessor-version":[{"id":1461,"href":"https:\/\/ipcszeged.hu\/index.php\/wp-json\/wp\/v2\/posts\/1443\/revisions\/1461"}],"wp:featuredmedia":[{"embeddable":true,"href":"https:\/\/ipcszeged.hu\/index.php\/wp-json\/wp\/v2\/media\/1444"}],"wp:attachment":[{"href":"https:\/\/ipcszeged.hu\/index.php\/wp-json\/wp\/v2\/media?parent=1443"}],"wp:term":[{"taxonomy":"category","embeddable":true,"href":"https:\/\/ipcszeged.hu\/index.php\/wp-json\/wp\/v2\/categories?post=1443"},{"taxonomy":"post_tag","embeddable":true,"href":"https:\/\/ipcszeged.hu\/index.php\/wp-json\/wp\/v2\/tags?post=1443"}],"curies":[{"name":"wp","href":"https:\/\/api.w.org\/{rel}","templated":true}]}}