{"id":1419,"date":"2016-05-30T08:44:25","date_gmt":"2016-05-30T08:44:25","guid":{"rendered":"http:\/\/www.ipcszeged.hu\/?p=1419"},"modified":"2016-05-30T08:44:25","modified_gmt":"2016-05-30T08:44:25","slug":"felmertuk-a-keszleteket-jo-programok-lesznek-az-idei-taborban-is","status":"publish","type":"post","link":"https:\/\/ipcszeged.hu\/index.php\/2016\/05\/30\/felmertuk-a-keszleteket-jo-programok-lesznek-az-idei-taborban-is\/","title":{"rendered":"Felm\u00e9rt\u00fck a k\u00e9szleteket&#8230;&#8230;. j\u00f3 programok lesznek az idei t\u00e1borban is!"},"content":{"rendered":"<h3 style=\"text-align: center;\"><b>2016.\u00a0j\u00fanius 29 &#8211; j\u00falius 3. k\u00f6z\u00f6tt Gyul\u00e1n szervezz\u00fck meg az Egyh\u00e1zmegyei Ny\u00e1ri T\u00e1bort<\/b>, ahov\u00e1 nagy szeretettel v\u00e1runk benneteket!<\/h3>\n<h3 style=\"text-align: center;\"><\/h3>\n<h3 style=\"text-align: center;\"><b>Hogy mi\u00e9rt \u00e9rdemes elj\u00f6nn\u00f6d?<\/b><\/h3>\n<h4 style=\"text-align: center;\">Az \u00daj \u00e9lm\u00e9nyek\u00e9rt, \u00faj bar\u00e1tok\u00e9rt, v\u00e1rf\u00fcrd\u0151z\u00e9s\u00e9rt, a gyulai v\u00e1r\u00e9rt, sportol\u00f3 aty\u00e1k miatt, t\u00e1nch\u00e1z\u00e9rt, szabadt\u00e9ri moziz\u00e1s \u00e9lm\u00e9ny\u00e9\u00e9rt, v\u00e1rosj\u00e1t\u00e9k miatt, egyszer\u0171en csak az\u00e9rt mert szuper.<\/h4>\n<h3 style=\"text-align: center;\"><\/h3>\n<h4 style=\"text-align: center;\">R\u00e9szv\u00e9teli d\u00edj: 10.000 Ft (sz\u00e1ll\u00e1s \u00e9s teljes ell\u00e1t\u00e1s)<\/h4>\n<h3 style=\"text-align: center;\"><a href=\"http:\/\/www.ipcszeged.hu\/index.php\/programok-ahol-megtalalsz-bennunket\/egyhazmegyei-nyari-tabor\/2016-gyula\/\">Regisztr\u00e1lok a t\u00e1borra<\/a><\/h3>\n<h2 style=\"text-align: center;\"><b><span style=\"color: #ff0000; font-size: large;\">Jelentkez\u00e9si hat\u00e1rid\u0151: 2016. j\u00fanius 10.<\/span><\/b><\/h2>\n ","protected":false},"excerpt":{"rendered":"<p>2016.\u00a0j\u00fanius 29 &#8211; j\u00falius 3. k\u00f6z\u00f6tt Gyul\u00e1n szervezz\u00fck meg az Egyh\u00e1zmegyei Ny\u00e1ri T\u00e1bort, ahov\u00e1 nagy szeretettel v\u00e1runk benneteket! Hogy mi\u00e9rt \u00e9rdemes elj\u00f6nn\u00f6d? Az \u00daj \u00e9lm\u00e9nyek\u00e9rt, \u00faj bar\u00e1tok\u00e9rt, v\u00e1rf\u00fcrd\u0151z\u00e9s\u00e9rt, a gyulai v\u00e1r\u00e9rt, sportol\u00f3 aty\u00e1k miatt, t\u00e1nch\u00e1z\u00e9rt, szabadt\u00e9ri moziz\u00e1s \u00e9lm\u00e9ny\u00e9\u00e9rt, v\u00e1rosj\u00e1t\u00e9k miatt, egyszer\u0171en csak az\u00e9rt mert szuper. R\u00e9szv\u00e9teli d\u00edj: 10.000 Ft (sz\u00e1ll\u00e1s \u00e9s teljes ell\u00e1t\u00e1s) Regisztr\u00e1lok a&hellip; <br \/> <a class=\"read-more\" href=\"https:\/\/ipcszeged.hu\/index.php\/2016\/05\/30\/felmertuk-a-keszleteket-jo-programok-lesznek-az-idei-taborban-is\/\">Read more<\/a><\/p>\n","protected":false},"author":1,"featured_media":1420,"comment_status":"closed","ping_status":"open","sticky":false,"template":"","format":"standard","meta":{"ngg_post_thumbnail":0,"footnotes":""},"categories":[1],"tags":[],"class_list":["post-1419","post","type-post","status-publish","format-standard","has-post-thumbnail","hentry","category-egyeb"],"_links":{"self":[{"href":"https:\/\/ipcszeged.hu\/index.php\/wp-json\/wp\/v2\/posts\/1419","targetHints":{"allow":["GET"]}}],"collection":[{"href":"https:\/\/ipcszeged.hu\/index.php\/wp-json\/wp\/v2\/posts"}],"about":[{"href":"https:\/\/ipcszeged.hu\/index.php\/wp-json\/wp\/v2\/types\/post"}],"author":[{"embeddable":true,"href":"https:\/\/ipcszeged.hu\/index.php\/wp-json\/wp\/v2\/users\/1"}],"replies":[{"embeddable":true,"href":"https:\/\/ipcszeged.hu\/index.php\/wp-json\/wp\/v2\/comments?post=1419"}],"version-history":[{"count":1,"href":"https:\/\/ipcszeged.hu\/index.php\/wp-json\/wp\/v2\/posts\/1419\/revisions"}],"predecessor-version":[{"id":1421,"href":"https:\/\/ipcszeged.hu\/index.php\/wp-json\/wp\/v2\/posts\/1419\/revisions\/1421"}],"wp:featuredmedia":[{"embeddable":true,"href":"https:\/\/ipcszeged.hu\/index.php\/wp-json\/wp\/v2\/media\/1420"}],"wp:attachment":[{"href":"https:\/\/ipcszeged.hu\/index.php\/wp-json\/wp\/v2\/media?parent=1419"}],"wp:term":[{"taxonomy":"category","embeddable":true,"href":"https:\/\/ipcszeged.hu\/index.php\/wp-json\/wp\/v2\/categories?post=1419"},{"taxonomy":"post_tag","embeddable":true,"href":"https:\/\/ipcszeged.hu\/index.php\/wp-json\/wp\/v2\/tags?post=1419"}],"curies":[{"name":"wp","href":"https:\/\/api.w.org\/{rel}","templated":true}]}}