{"id":14084,"date":"2018-08-31T12:17:15","date_gmt":"2018-08-31T12:17:15","guid":{"rendered":"http:\/\/www.ipcszeged.hu\/?p=14084"},"modified":"2018-08-31T13:09:09","modified_gmt":"2018-08-31T13:09:09","slug":"egyhazmegyei-ministrans-talalkozo-2018-oktober-6","status":"publish","type":"post","link":"https:\/\/ipcszeged.hu\/index.php\/2018\/08\/31\/egyhazmegyei-ministrans-talalkozo-2018-oktober-6\/","title":{"rendered":"Egyh\u00e1zmegyei Ministr\u00e1ns Tal\u00e1lkoz\u00f3 2018. okt\u00f3ber 6."},"content":{"rendered":"<h3 style=\"text-align: center;\">\u00c9rzed magadban a hivat\u00e1s erej\u00e9t?<\/h3>\n<h3 style=\"text-align: center;\">Szeretn\u00e9l tal\u00e1lkozni olyan fiatalokkal, akik hozz\u00e1d hasonl\u00f3an szeretnek ministr\u00e1lni?<\/h3>\n<h3 style=\"text-align: center;\">Mindened az Olt\u00e1r szolg\u00e1lata?<\/h3>\n<h3 style=\"text-align: center;\">Akkor itt a helyed!<\/h3>\n<h3 style=\"text-align: center;\"><a href=\"http:\/\/www.ipcszeged.hu\/index.php\/ministrans-talalkozo-2018\/\">REGISZTR\u00c1LJ!<\/a><\/h3>\n ","protected":false},"excerpt":{"rendered":"<p>\u00c9rzed magadban a hivat\u00e1s erej\u00e9t? Szeretn\u00e9l tal\u00e1lkozni olyan fiatalokkal, akik hozz\u00e1d hasonl\u00f3an szeretnek ministr\u00e1lni? Mindened az Olt\u00e1r szolg\u00e1lata? Akkor itt a helyed! REGISZTR\u00c1LJ!<\/p>\n","protected":false},"author":1,"featured_media":14086,"comment_status":"closed","ping_status":"open","sticky":false,"template":"","format":"standard","meta":{"ngg_post_thumbnail":0,"footnotes":""},"categories":[1],"tags":[],"class_list":["post-14084","post","type-post","status-publish","format-standard","has-post-thumbnail","hentry","category-egyeb"],"_links":{"self":[{"href":"https:\/\/ipcszeged.hu\/index.php\/wp-json\/wp\/v2\/posts\/14084","targetHints":{"allow":["GET"]}}],"collection":[{"href":"https:\/\/ipcszeged.hu\/index.php\/wp-json\/wp\/v2\/posts"}],"about":[{"href":"https:\/\/ipcszeged.hu\/index.php\/wp-json\/wp\/v2\/types\/post"}],"author":[{"embeddable":true,"href":"https:\/\/ipcszeged.hu\/index.php\/wp-json\/wp\/v2\/users\/1"}],"replies":[{"embeddable":true,"href":"https:\/\/ipcszeged.hu\/index.php\/wp-json\/wp\/v2\/comments?post=14084"}],"version-history":[{"count":4,"href":"https:\/\/ipcszeged.hu\/index.php\/wp-json\/wp\/v2\/posts\/14084\/revisions"}],"predecessor-version":[{"id":14090,"href":"https:\/\/ipcszeged.hu\/index.php\/wp-json\/wp\/v2\/posts\/14084\/revisions\/14090"}],"wp:featuredmedia":[{"embeddable":true,"href":"https:\/\/ipcszeged.hu\/index.php\/wp-json\/wp\/v2\/media\/14086"}],"wp:attachment":[{"href":"https:\/\/ipcszeged.hu\/index.php\/wp-json\/wp\/v2\/media?parent=14084"}],"wp:term":[{"taxonomy":"category","embeddable":true,"href":"https:\/\/ipcszeged.hu\/index.php\/wp-json\/wp\/v2\/categories?post=14084"},{"taxonomy":"post_tag","embeddable":true,"href":"https:\/\/ipcszeged.hu\/index.php\/wp-json\/wp\/v2\/tags?post=14084"}],"curies":[{"name":"wp","href":"https:\/\/api.w.org\/{rel}","templated":true}]}}