{"id":14070,"date":"2018-08-16T09:09:09","date_gmt":"2018-08-16T09:09:09","guid":{"rendered":"http:\/\/www.ipcszeged.hu\/?p=14070"},"modified":"2018-08-16T09:09:09","modified_gmt":"2018-08-16T09:09:09","slug":"forraspont-ifjusagi-talalkozo-budapest-meg-vannak-szabad-helyek-a-buszon","status":"publish","type":"post","link":"https:\/\/ipcszeged.hu\/index.php\/2018\/08\/16\/forraspont-ifjusagi-talalkozo-budapest-meg-vannak-szabad-helyek-a-buszon\/","title":{"rendered":"Forr\u00e1spont Ifj\u00fas\u00e1gi Tal\u00e1lkoz\u00f3 Budapest &#8211; M\u00e9g vannak szabad helyek a buszon"},"content":{"rendered":"<h3>Szeretn\u00e9l r\u00e9szt venni egy orsz\u00e1gos ifj\u00fas\u00e1gi tal\u00e1lkoz\u00f3n?<\/h3>\n<h3>Megismern\u00e9l hasonl\u00f3 gondolkod\u00e1s\u00fa fiatalokat?&nbsp;<\/h3>\n<h3>Szeptember 15-\u00e9n nincs m\u00e1s programod?<\/h3>\n<h3>Meghallgatn\u00e1l \u00e9rdekes el\u0151ad\u00e1sokat, tan\u00fas\u00e1gt\u00e9teleket?<\/h3>\n<h3>Tal\u00e1lkozn\u00e1l Krisztussal?<\/h3>\n<h3>Akkor regisztr\u00e1lj Te is a Szeged-Csan\u00e1di Egyh\u00e1zmegye \u00e1ltal ind\u00edtott buszra, amely lehet\u0151v\u00e9 teszi, hogy mindennek r\u00e9szese lehess.<\/h3>\n<h3>A programra 15-30 \u00e9v k\u00f6z\u00f6tti fiatalok jelentkez\u00e9s\u00e9t v\u00e1rj\u00e1k!<\/h3>\n<h3><span style=\"color: #ff0000;\">Regisztr\u00e1ci\u00f3s hat\u00e1rid\u0151 2018. augusztus 26.&nbsp;<\/span><\/h3>\n<h2 style=\"text-align: center;\"><strong><a href=\"https:\/\/goo.gl\/forms\/GvpV0h9sQfv2CjBD2\">Regisztr\u00e1lok<\/a><\/strong><\/h2>\n ","protected":false},"excerpt":{"rendered":"<p>Szeretn\u00e9l r\u00e9szt venni egy orsz\u00e1gos ifj\u00fas\u00e1gi tal\u00e1lkoz\u00f3n? Megismern\u00e9l hasonl\u00f3 gondolkod\u00e1s\u00fa fiatalokat?&nbsp; Szeptember 15-\u00e9n nincs m\u00e1s programod? Meghallgatn\u00e1l \u00e9rdekes el\u0151ad\u00e1sokat, tan\u00fas\u00e1gt\u00e9teleket? Tal\u00e1lkozn\u00e1l Krisztussal? Akkor regisztr\u00e1lj Te is a Szeged-Csan\u00e1di Egyh\u00e1zmegye \u00e1ltal ind\u00edtott buszra, amely lehet\u0151v\u00e9 teszi, hogy mindennek r\u00e9szese lehess. A programra 15-30 \u00e9v k\u00f6z\u00f6tti fiatalok jelentkez\u00e9s\u00e9t v\u00e1rj\u00e1k! Regisztr\u00e1ci\u00f3s hat\u00e1rid\u0151 2018. augusztus 26.&nbsp; Regisztr\u00e1lok<\/p>\n","protected":false},"author":1,"featured_media":14072,"comment_status":"closed","ping_status":"open","sticky":false,"template":"","format":"standard","meta":{"ngg_post_thumbnail":0,"footnotes":""},"categories":[1],"tags":[],"class_list":["post-14070","post","type-post","status-publish","format-standard","has-post-thumbnail","hentry","category-egyeb"],"_links":{"self":[{"href":"https:\/\/ipcszeged.hu\/index.php\/wp-json\/wp\/v2\/posts\/14070","targetHints":{"allow":["GET"]}}],"collection":[{"href":"https:\/\/ipcszeged.hu\/index.php\/wp-json\/wp\/v2\/posts"}],"about":[{"href":"https:\/\/ipcszeged.hu\/index.php\/wp-json\/wp\/v2\/types\/post"}],"author":[{"embeddable":true,"href":"https:\/\/ipcszeged.hu\/index.php\/wp-json\/wp\/v2\/users\/1"}],"replies":[{"embeddable":true,"href":"https:\/\/ipcszeged.hu\/index.php\/wp-json\/wp\/v2\/comments?post=14070"}],"version-history":[{"count":1,"href":"https:\/\/ipcszeged.hu\/index.php\/wp-json\/wp\/v2\/posts\/14070\/revisions"}],"predecessor-version":[{"id":14073,"href":"https:\/\/ipcszeged.hu\/index.php\/wp-json\/wp\/v2\/posts\/14070\/revisions\/14073"}],"wp:featuredmedia":[{"embeddable":true,"href":"https:\/\/ipcszeged.hu\/index.php\/wp-json\/wp\/v2\/media\/14072"}],"wp:attachment":[{"href":"https:\/\/ipcszeged.hu\/index.php\/wp-json\/wp\/v2\/media?parent=14070"}],"wp:term":[{"taxonomy":"category","embeddable":true,"href":"https:\/\/ipcszeged.hu\/index.php\/wp-json\/wp\/v2\/categories?post=14070"},{"taxonomy":"post_tag","embeddable":true,"href":"https:\/\/ipcszeged.hu\/index.php\/wp-json\/wp\/v2\/tags?post=14070"}],"curies":[{"name":"wp","href":"https:\/\/api.w.org\/{rel}","templated":true}]}}