{"id":14063,"date":"2018-08-16T08:40:23","date_gmt":"2018-08-16T08:40:23","guid":{"rendered":"http:\/\/www.ipcszeged.hu\/?p=14063"},"modified":"2018-08-16T08:40:23","modified_gmt":"2018-08-16T08:40:23","slug":"te-mar-utra-kesznek-tartod-magad","status":"publish","type":"post","link":"https:\/\/ipcszeged.hu\/index.php\/2018\/08\/16\/te-mar-utra-kesznek-tartod-magad\/","title":{"rendered":"Te m\u00e1r \u00fatra k\u00e9sznek tartod magad?&#8230;."},"content":{"rendered":"<h3 style=\"text-align: center;\">A vissza sz\u00e1ml\u00e1l\u00e1s elindult&#8230;&#8230;<\/h3>\n<h3 style=\"text-align: center;\">Becsomagolt\u00e1l m\u00e1r az \u00fatra vagy csak az \u00darra hagyatkozol?<\/h3>\n<h3 style=\"text-align: center;\">Id\u00e9n is Szent Gell\u00e9rt Ifj\u00fas\u00e1gi Tal\u00e1lkoz\u00f3&nbsp;<\/h3>\n<h3 style=\"text-align: center;\">2018. szeptember 29. szombat a szegedi Als\u00f3v\u00e1rosi Ferences templomn\u00e1l \u00e9s a Karolin\u00e1n\u00e1l.<\/h3>\n<h3 style=\"text-align: center;\"><a href=\"http:\/\/www.ipcszeged.hu\/index.php\/gellert-nap18\/rahagyatkozas\/\" rel=\"attachment wp-att-11798\"><img loading=\"lazy\" decoding=\"async\" class=\"aligncenter size-full wp-image-11798\" src=\"http:\/\/www.ipcszeged.hu\/wp-content\/uploads\/2018\/08\/R\u00c1HAGYATKOZ\u00c1S.png\" alt=\"\" width=\"1920\" height=\"1080\" srcset=\"https:\/\/ipcszeged.hu\/wp-content\/uploads\/2018\/08\/R\u00c1HAGYATKOZ\u00c1S.png 1920w, https:\/\/ipcszeged.hu\/wp-content\/uploads\/2018\/08\/R\u00c1HAGYATKOZ\u00c1S-150x84.png 150w, https:\/\/ipcszeged.hu\/wp-content\/uploads\/2018\/08\/R\u00c1HAGYATKOZ\u00c1S-300x169.png 300w, https:\/\/ipcszeged.hu\/wp-content\/uploads\/2018\/08\/R\u00c1HAGYATKOZ\u00c1S-768x432.png 768w, https:\/\/ipcszeged.hu\/wp-content\/uploads\/2018\/08\/R\u00c1HAGYATKOZ\u00c1S-1024x576.png 1024w\" sizes=\"auto, (max-width: 1920px) 100vw, 1920px\" \/><\/a><\/h3>\n ","protected":false},"excerpt":{"rendered":"<p>A vissza sz\u00e1ml\u00e1l\u00e1s elindult&#8230;&#8230; Becsomagolt\u00e1l m\u00e1r az \u00fatra vagy csak az \u00darra hagyatkozol? Id\u00e9n is Szent Gell\u00e9rt Ifj\u00fas\u00e1gi Tal\u00e1lkoz\u00f3&nbsp; 2018. szeptember 29. szombat a szegedi Als\u00f3v\u00e1rosi Ferences templomn\u00e1l \u00e9s a Karolin\u00e1n\u00e1l.<\/p>\n","protected":false},"author":1,"featured_media":11798,"comment_status":"closed","ping_status":"open","sticky":false,"template":"","format":"standard","meta":{"ngg_post_thumbnail":0,"footnotes":""},"categories":[1],"tags":[],"class_list":["post-14063","post","type-post","status-publish","format-standard","has-post-thumbnail","hentry","category-egyeb"],"_links":{"self":[{"href":"https:\/\/ipcszeged.hu\/index.php\/wp-json\/wp\/v2\/posts\/14063","targetHints":{"allow":["GET"]}}],"collection":[{"href":"https:\/\/ipcszeged.hu\/index.php\/wp-json\/wp\/v2\/posts"}],"about":[{"href":"https:\/\/ipcszeged.hu\/index.php\/wp-json\/wp\/v2\/types\/post"}],"author":[{"embeddable":true,"href":"https:\/\/ipcszeged.hu\/index.php\/wp-json\/wp\/v2\/users\/1"}],"replies":[{"embeddable":true,"href":"https:\/\/ipcszeged.hu\/index.php\/wp-json\/wp\/v2\/comments?post=14063"}],"version-history":[{"count":1,"href":"https:\/\/ipcszeged.hu\/index.php\/wp-json\/wp\/v2\/posts\/14063\/revisions"}],"predecessor-version":[{"id":14065,"href":"https:\/\/ipcszeged.hu\/index.php\/wp-json\/wp\/v2\/posts\/14063\/revisions\/14065"}],"wp:featuredmedia":[{"embeddable":true,"href":"https:\/\/ipcszeged.hu\/index.php\/wp-json\/wp\/v2\/media\/11798"}],"wp:attachment":[{"href":"https:\/\/ipcszeged.hu\/index.php\/wp-json\/wp\/v2\/media?parent=14063"}],"wp:term":[{"taxonomy":"category","embeddable":true,"href":"https:\/\/ipcszeged.hu\/index.php\/wp-json\/wp\/v2\/categories?post=14063"},{"taxonomy":"post_tag","embeddable":true,"href":"https:\/\/ipcszeged.hu\/index.php\/wp-json\/wp\/v2\/tags?post=14063"}],"curies":[{"name":"wp","href":"https:\/\/api.w.org\/{rel}","templated":true}]}}