{"id":1328,"date":"2016-05-19T12:34:50","date_gmt":"2016-05-19T12:34:50","guid":{"rendered":"http:\/\/www.ipcszeged.hu\/?p=1328"},"modified":"2016-05-20T09:54:14","modified_gmt":"2016-05-20T09:54:14","slug":"mi-mar-nagyon-keszulunk-az-egyhazmegyei-nyari-taborra-es-te","status":"publish","type":"post","link":"https:\/\/ipcszeged.hu\/index.php\/2016\/05\/19\/mi-mar-nagyon-keszulunk-az-egyhazmegyei-nyari-taborra-es-te\/","title":{"rendered":"Mi m\u00e1r nagyon k\u00e9sz\u00fcl\u00fcnk az Egyh\u00e1zmegyei Ny\u00e1ri T\u00e1borra!&#8230;&#8230; \u00c9s TE?"},"content":{"rendered":"<p style=\"text-align: center;\">V\u00e1rjuk a <strong>13-18 \u00e9v<\/strong> k\u00f6z\u00f6tti fiatalok jelentkez\u00e9s\u00e9t.<\/p>\n<p style=\"text-align: center;\"><strong>T\u00e1bor id\u0151pontja: 2016. 06. 29. \u2013 07. 03.<\/strong><\/p>\n<h2 style=\"text-align: center;\"><a href=\"http:\/\/www.ipcszeged.hu\/index.php\/programok-ahol-megtalalsz-bennunket\/egyhazmegyei-nyari-tabor\/2016-gyula\/\">REGISZTR\u00c1CI\u00d3<\/a><\/h2>\n<h4 style=\"text-align: center;\"><span style=\"color: #ff0000;\">Regisztr\u00e1ci\u00f3s hat\u00e1rid\u0151: 2016. j\u00fanius 10.<\/span><\/h4>\n<h4 style=\"text-align: center;\">V\u00e1rjuk azoknak a fiataloknak a jelentkez\u00e9s\u00e9t is, akik j\u00e1tszanak valamilyen hangszeren \u00e9s sz\u00edvesen magukkal is hozn\u00e1k hangszereiket a t\u00e1borba. Sz\u00e1mukra minden nap tudunk gyakorl\u00e1si lehet\u0151s\u00e9get biztos\u00edtani \u00e9s a t\u00e1bor z\u00e1r\u00f3 szentmis\u00e9j\u00e9n egy\u00fctt j\u00e1tszhatnak a B\u00c1RKA zenekarral.<\/h4>\n<blockquote>\n<h4 style=\"text-align: center;\">A programr\u00f3l r\u00e9szleteket lentebb tal\u00e1lsz!<\/h4>\n<\/blockquote>\n<p style=\"text-align: center;\"><a href=\"http:\/\/www.ipcszeged.hu\/wp-content\/uploads\/2016\/05\/leporell\u00f3-t\u00e1bor-2016.pdf\">leporell\u00f3 t\u00e1bor 2016<\/a><\/p>\n<p style=\"text-align: center;\"><a href=\"http:\/\/www.ipcszeged.hu\/wp-content\/uploads\/2016\/05\/leporell\u00f3-t\u00e1bor-2016-page-001.jpg\"><img loading=\"lazy\" decoding=\"async\" class=\"size-large wp-image-1331 aligncenter\" src=\"http:\/\/www.ipcszeged.hu\/wp-content\/uploads\/2016\/05\/leporell\u00f3-t\u00e1bor-2016-page-001.jpg\" alt=\"leporell\u00f3 t\u00e1bor 2016-page-001\" width=\"676\" height=\"959\" srcset=\"https:\/\/ipcszeged.hu\/wp-content\/uploads\/2016\/05\/leporell\u00f3-t\u00e1bor-2016-page-001.jpg 1748w, https:\/\/ipcszeged.hu\/wp-content\/uploads\/2016\/05\/leporell\u00f3-t\u00e1bor-2016-page-001-106x150.jpg 106w, https:\/\/ipcszeged.hu\/wp-content\/uploads\/2016\/05\/leporell\u00f3-t\u00e1bor-2016-page-001-211x300.jpg 211w, https:\/\/ipcszeged.hu\/wp-content\/uploads\/2016\/05\/leporell\u00f3-t\u00e1bor-2016-page-001-768x1090.jpg 768w, https:\/\/ipcszeged.hu\/wp-content\/uploads\/2016\/05\/leporell\u00f3-t\u00e1bor-2016-page-001-945x1341.jpg 945w, https:\/\/ipcszeged.hu\/wp-content\/uploads\/2016\/05\/leporell\u00f3-t\u00e1bor-2016-page-001-600x852.jpg 600w\" sizes=\"auto, (max-width: 676px) 100vw, 676px\" \/><\/a><a href=\"http:\/\/www.ipcszeged.hu\/wp-content\/uploads\/2016\/05\/leporell\u00f3-t\u00e1bor-2016-page-002-1.jpg\"><img loading=\"lazy\" decoding=\"async\" class=\"aligncenter size-full wp-image-1337\" src=\"http:\/\/www.ipcszeged.hu\/wp-content\/uploads\/2016\/05\/leporell\u00f3-t\u00e1bor-2016-page-002-1.jpg\" alt=\"leporell\u00f3 t\u00e1bor 2016-page-002 (1)\" width=\"1748\" height=\"2481\" srcset=\"https:\/\/ipcszeged.hu\/wp-content\/uploads\/2016\/05\/leporell\u00f3-t\u00e1bor-2016-page-002-1.jpg 1748w, https:\/\/ipcszeged.hu\/wp-content\/uploads\/2016\/05\/leporell\u00f3-t\u00e1bor-2016-page-002-1-106x150.jpg 106w, https:\/\/ipcszeged.hu\/wp-content\/uploads\/2016\/05\/leporell\u00f3-t\u00e1bor-2016-page-002-1-211x300.jpg 211w, https:\/\/ipcszeged.hu\/wp-content\/uploads\/2016\/05\/leporell\u00f3-t\u00e1bor-2016-page-002-1-768x1090.jpg 768w, https:\/\/ipcszeged.hu\/wp-content\/uploads\/2016\/05\/leporell\u00f3-t\u00e1bor-2016-page-002-1-945x1341.jpg 945w, https:\/\/ipcszeged.hu\/wp-content\/uploads\/2016\/05\/leporell\u00f3-t\u00e1bor-2016-page-002-1-600x852.jpg 600w\" sizes=\"auto, (max-width: 1748px) 100vw, 1748px\" \/><\/a><\/p>\n ","protected":false},"excerpt":{"rendered":"<p>V\u00e1rjuk a 13-18 \u00e9v k\u00f6z\u00f6tti fiatalok jelentkez\u00e9s\u00e9t. T\u00e1bor id\u0151pontja: 2016. 06. 29. \u2013 07. 03. REGISZTR\u00c1CI\u00d3 Regisztr\u00e1ci\u00f3s hat\u00e1rid\u0151: 2016. j\u00fanius 10. V\u00e1rjuk azoknak a fiataloknak a jelentkez\u00e9s\u00e9t is, akik j\u00e1tszanak valamilyen hangszeren \u00e9s sz\u00edvesen magukkal is hozn\u00e1k hangszereiket a t\u00e1borba. Sz\u00e1mukra minden nap tudunk gyakorl\u00e1si lehet\u0151s\u00e9get biztos\u00edtani \u00e9s a t\u00e1bor z\u00e1r\u00f3 szentmis\u00e9j\u00e9n egy\u00fctt j\u00e1tszhatnak a&hellip; <br \/> <a class=\"read-more\" href=\"https:\/\/ipcszeged.hu\/index.php\/2016\/05\/19\/mi-mar-nagyon-keszulunk-az-egyhazmegyei-nyari-taborra-es-te\/\">Read more<\/a><\/p>\n","protected":false},"author":1,"featured_media":1331,"comment_status":"closed","ping_status":"open","sticky":false,"template":"","format":"standard","meta":{"ngg_post_thumbnail":0,"footnotes":""},"categories":[1],"tags":[],"class_list":["post-1328","post","type-post","status-publish","format-standard","has-post-thumbnail","hentry","category-egyeb"],"_links":{"self":[{"href":"https:\/\/ipcszeged.hu\/index.php\/wp-json\/wp\/v2\/posts\/1328","targetHints":{"allow":["GET"]}}],"collection":[{"href":"https:\/\/ipcszeged.hu\/index.php\/wp-json\/wp\/v2\/posts"}],"about":[{"href":"https:\/\/ipcszeged.hu\/index.php\/wp-json\/wp\/v2\/types\/post"}],"author":[{"embeddable":true,"href":"https:\/\/ipcszeged.hu\/index.php\/wp-json\/wp\/v2\/users\/1"}],"replies":[{"embeddable":true,"href":"https:\/\/ipcszeged.hu\/index.php\/wp-json\/wp\/v2\/comments?post=1328"}],"version-history":[{"count":3,"href":"https:\/\/ipcszeged.hu\/index.php\/wp-json\/wp\/v2\/posts\/1328\/revisions"}],"predecessor-version":[{"id":1339,"href":"https:\/\/ipcszeged.hu\/index.php\/wp-json\/wp\/v2\/posts\/1328\/revisions\/1339"}],"wp:featuredmedia":[{"embeddable":true,"href":"https:\/\/ipcszeged.hu\/index.php\/wp-json\/wp\/v2\/media\/1331"}],"wp:attachment":[{"href":"https:\/\/ipcszeged.hu\/index.php\/wp-json\/wp\/v2\/media?parent=1328"}],"wp:term":[{"taxonomy":"category","embeddable":true,"href":"https:\/\/ipcszeged.hu\/index.php\/wp-json\/wp\/v2\/categories?post=1328"},{"taxonomy":"post_tag","embeddable":true,"href":"https:\/\/ipcszeged.hu\/index.php\/wp-json\/wp\/v2\/tags?post=1328"}],"curies":[{"name":"wp","href":"https:\/\/api.w.org\/{rel}","templated":true}]}}