{"id":11780,"date":"2018-07-23T09:01:41","date_gmt":"2018-07-23T09:01:41","guid":{"rendered":"http:\/\/www.ipcszeged.hu\/?p=11780"},"modified":"2018-07-23T09:01:41","modified_gmt":"2018-07-23T09:01:41","slug":"egyhazmegyei-ministrans-talalkozo","status":"publish","type":"post","link":"https:\/\/ipcszeged.hu\/index.php\/2018\/07\/23\/egyhazmegyei-ministrans-talalkozo\/","title":{"rendered":"Egyh\u00e1zmegyei Ministr\u00e1ns Tal\u00e1lkoz\u00f3"},"content":{"rendered":"<p style=\"text-align: center;\">&nbsp;<\/p>\n<p style=\"text-align: center;\"><strong>&nbsp; &nbsp; &nbsp; &nbsp; &nbsp; &nbsp; &nbsp; &nbsp; &nbsp; &#8220;<\/strong><strong>Az \u00dar h\u00e1z\u00e1ban van el\u00fcltetve, Isten\u00e9nek csarnok\u00e1ban bont vir\u00e1got.\u201d<\/strong><\/p>\n<p style=\"text-align: center;\"><em>( Zsolt 92,14)<\/em><\/p>\n<p>&nbsp;<\/p>\n<p>T\u00e1rgy:&nbsp;&nbsp;&nbsp; <strong><em>MEGH\u00cdV\u00d3<\/em><\/strong><\/p>\n<p>&nbsp;&nbsp;&nbsp;&nbsp;&nbsp;&nbsp;&nbsp;&nbsp;&nbsp;&nbsp;&nbsp; F\u0151tisztelend\u0151 Aty\u00e1k!<\/p>\n<ol start=\"2018\">\n<li><strong> okt\u00f3ber 6-\u00e1n (szombaton)<\/strong> ministr\u00e1ns tal\u00e1lkoz\u00f3t szervez\u00fcnk a Szeged-Csan\u00e1di Egyh\u00e1zmegye ministr\u00e1nsai sz\u00e1m\u00e1ra. K\u00e9rj\u00fck, t\u00e1mogass\u00e1k ezt a rendezv\u00e9nyt azzal, hogy ministr\u00e1nsaikat elhozz\u00e1k.<\/li>\n<\/ol>\n<p><strong>Jelentkezni szeptember 30-ig<\/strong> lehet a k\u00f6vetkez\u0151 <strong>linkre kattintva<\/strong>:<\/p>\n<h3 style=\"text-align: center;\"><strong><u><a href=\"https:\/\/docs.google.com\/forms\/d\/e\/1FAIpQLSc2hHSuAZM02XDx2fYxQotqISk0_wHlhuwxd1o_vn7ny_3vmg\/viewform\">REGISZTR\u00c1CI\u00d3<\/a><\/u><\/strong><\/h3>\n<p>&nbsp;<\/p>\n<p><strong>PROGRAM:<\/strong><\/p>\n<p>Helysz\u00edn: <strong>Szeged \u2013 d\u00f3m, szemin\u00e1rium<\/strong><\/p>\n<p>Id\u0151pont: <strong>2018. okt\u00f3ber 6. (szombat)<\/strong><\/p>\n<p>Koroszt\u00e1ly:<strong> 9 \u2013 10 \u00e9vt\u0151l kezd\u0151d\u0151en<\/strong><\/p>\n<p>Jelentkez\u00e9si hat\u00e1rid\u0151: <strong>szeptember 30-ig<\/strong><\/p>\n<p>Parkol\u00e1si lehet\u0151s\u00e9g:<strong> p\u00fcsp\u00f6ks\u00e9g udvara <\/strong><\/p>\n<p>M\u00e1s el\u00e9rhet\u0151s\u00e9g: <strong>06-20 \/ 291 54 11<\/strong><\/p>\n<p>&nbsp;<\/p>\n<p><strong>A szentmise el\u0151tt regisztr\u00e1ci\u00f3 lesz a D\u00f3m kapuj\u00e1ban<\/strong>.<\/p>\n<p><strong>&nbsp; 9.30 \u2013 t\u00f3l regisztr\u00e1ci\u00f3 a D\u00f3m kapuj\u00e1ban<\/strong><\/p>\n<p><strong>10.00 Szentmise: Dr. Kiss-Rig\u00f3 L\u00e1szl\u00f3 p\u00fcsp\u00f6k <\/strong><\/p>\n<p><em>&nbsp;&nbsp; &nbsp;&nbsp;&nbsp;&nbsp;&nbsp;&nbsp;&nbsp;A szentmise el\u0151tt \u00e9s alatt folyamatos gy\u00f3n\u00e1si lehet\u0151s\u00e9get biztos\u00edtunk<\/em><\/p>\n<p><strong>11.30 \u2013 13.15 El\u0151ad\u00e1sok, besz\u00e9lget\u00e9s <\/strong><\/p>\n<p><strong>13.30 \u2013 14.15 Eb\u00e9d<\/strong><\/p>\n<p><strong>14.30 \u2013 15.45 \u00c1llom\u00e1sos j\u00e1t\u00e9kok<\/strong><\/p>\n<p><strong>16.00 Hazaindul\u00e1s<\/strong><\/p>\n<p>A szentmis\u00e9n \u00e9nekel: <strong>Eleven t\u0171z<\/strong><\/p>\n<p>&nbsp;<\/p>\n<p><strong>&nbsp;<\/strong><em>Szeretettel v\u00e1rjuk a ministr\u00e1nsokat!<\/em><\/p>\n<p>&nbsp;<\/p>\n<p>&nbsp;<\/p>\n<p>&nbsp;<\/p>\n<p>&nbsp;<\/p>\n<p>&nbsp;<\/p>\n ","protected":false},"excerpt":{"rendered":"<p>&nbsp; &nbsp; &nbsp; &nbsp; &nbsp; &nbsp; &nbsp; &nbsp; &nbsp; &nbsp; &#8220;Az \u00dar h\u00e1z\u00e1ban van el\u00fcltetve, Isten\u00e9nek csarnok\u00e1ban bont vir\u00e1got.\u201d ( Zsolt 92,14) &nbsp; T\u00e1rgy:&nbsp;&nbsp;&nbsp; MEGH\u00cdV\u00d3 &nbsp;&nbsp;&nbsp;&nbsp;&nbsp;&nbsp;&nbsp;&nbsp;&nbsp;&nbsp;&nbsp; F\u0151tisztelend\u0151 Aty\u00e1k! okt\u00f3ber 6-\u00e1n (szombaton) ministr\u00e1ns tal\u00e1lkoz\u00f3t szervez\u00fcnk a Szeged-Csan\u00e1di Egyh\u00e1zmegye ministr\u00e1nsai sz\u00e1m\u00e1ra. K\u00e9rj\u00fck, t\u00e1mogass\u00e1k ezt a rendezv\u00e9nyt azzal, hogy ministr\u00e1nsaikat elhozz\u00e1k. Jelentkezni szeptember 30-ig lehet a k\u00f6vetkez\u0151 linkre&hellip; <br \/> <a class=\"read-more\" href=\"https:\/\/ipcszeged.hu\/index.php\/2018\/07\/23\/egyhazmegyei-ministrans-talalkozo\/\">Read more<\/a><\/p>\n","protected":false},"author":1,"featured_media":0,"comment_status":"closed","ping_status":"open","sticky":false,"template":"","format":"standard","meta":{"ngg_post_thumbnail":0,"footnotes":""},"categories":[1],"tags":[],"class_list":["post-11780","post","type-post","status-publish","format-standard","hentry","category-egyeb"],"_links":{"self":[{"href":"https:\/\/ipcszeged.hu\/index.php\/wp-json\/wp\/v2\/posts\/11780","targetHints":{"allow":["GET"]}}],"collection":[{"href":"https:\/\/ipcszeged.hu\/index.php\/wp-json\/wp\/v2\/posts"}],"about":[{"href":"https:\/\/ipcszeged.hu\/index.php\/wp-json\/wp\/v2\/types\/post"}],"author":[{"embeddable":true,"href":"https:\/\/ipcszeged.hu\/index.php\/wp-json\/wp\/v2\/users\/1"}],"replies":[{"embeddable":true,"href":"https:\/\/ipcszeged.hu\/index.php\/wp-json\/wp\/v2\/comments?post=11780"}],"version-history":[{"count":1,"href":"https:\/\/ipcszeged.hu\/index.php\/wp-json\/wp\/v2\/posts\/11780\/revisions"}],"predecessor-version":[{"id":11781,"href":"https:\/\/ipcszeged.hu\/index.php\/wp-json\/wp\/v2\/posts\/11780\/revisions\/11781"}],"wp:attachment":[{"href":"https:\/\/ipcszeged.hu\/index.php\/wp-json\/wp\/v2\/media?parent=11780"}],"wp:term":[{"taxonomy":"category","embeddable":true,"href":"https:\/\/ipcszeged.hu\/index.php\/wp-json\/wp\/v2\/categories?post=11780"},{"taxonomy":"post_tag","embeddable":true,"href":"https:\/\/ipcszeged.hu\/index.php\/wp-json\/wp\/v2\/tags?post=11780"}],"curies":[{"name":"wp","href":"https:\/\/api.w.org\/{rel}","templated":true}]}}