{"id":11762,"date":"2018-07-10T12:44:07","date_gmt":"2018-07-10T12:44:07","guid":{"rendered":"http:\/\/www.ipcszeged.hu\/?p=11762"},"modified":"2018-07-11T12:53:56","modified_gmt":"2018-07-11T12:53:56","slug":"legy-tiszta-life-teen-leforditottak","status":"publish","type":"post","link":"https:\/\/ipcszeged.hu\/index.php\/2018\/07\/10\/legy-tiszta-life-teen-leforditottak\/","title":{"rendered":"L\u00e9gy Tiszta! &#8211; Life Teen &#8230;. leford\u00edtott\u00e1k"},"content":{"rendered":"<p style=\"text-align: justify;\"><strong>Egy j\u00f3 bar\u00e1t a sorban.<\/strong><br \/>\nTal\u00e1n legut\u00f3bb h\u00e9t \u00e9ve gy\u00f3nt\u00e1l&#8230; vagy egy hete. Mindegy is, hogy mikor \u00e9lt\u00e9l ezzel a szents\u00e9ggel &#8211; r\u00e9gen vagy nem olyan r\u00e9gen -, a gy\u00f3n\u00e1sra v\u00e1rni mindig kicsit izzaszt\u00f3 dolog. Ne v\u00e1rj h\u00e1t egyed\u00fcl!<\/p>\n<p style=\"text-align: justify;\">A L\u00e9gy Tiszta zsebk\u00f6nyv teli van olyan inform\u00e1ci\u00f3kkal, amelyek seg\u00edtik felk\u00e9sz\u00edteni sz\u00edvedet a kiengesztel\u0151d\u00e9s szents\u00e9g\u00e9re \u00e9s seg\u00edtenek a megbocs\u00e1t\u00e1s pillanat\u00e1t megel\u0151z\u0151 nyugtalans\u00e1got lecsit\u00edtani, amit \u00e9rezhetsz. Amikor a legk\u00f6zelebb m\u00e9sz gy\u00f3nni &#8211; ak\u00e1r a j\u00f6v\u0151 h\u00e9ten, ak\u00e1r a j\u00f6v\u0151 h\u00f3napban &#8211; vidd magaddal a L\u00e9gy Tiszta zsebk\u00f6nyvet, hogy ne v\u00e1rj egyed\u00fcl a sorban.<\/p>\n<p style=\"text-align: justify;\"><strong>A MISSZI\u00d3<\/strong><br \/>\nA L\u00e9gy Tiszta zsebk\u00f6nyv elmagyar\u00e1zza a kiengesztel\u0151d\u00e9s szents\u00e9g\u00e9t \u00e9s felruh\u00e1z azzal a k\u00e9pess\u00e9ggel, hogy befogadd Isten irgalmass\u00e1g\u00e1t. V\u00e9gigk\u00eds\u00e9r a gy\u00f3n\u00e1son gazdag magyar\u00e1zatot \u00e9s im\u00e1kat ny\u00fajtva.<\/p>\n<p style=\"text-align: justify;\"><strong>EGYED\u00dcL\u00c1LL\u00d3 TULAJDONS\u00c1GOK<\/strong><br \/>\n* K\u00f6nnyen \u00e9rthet\u0151 \u00e9s meggy\u0151z\u0151 magyar\u00e1zatok a kiengesztel\u0151d\u00e9s szents\u00e9g\u00e9re.<br \/>\n* Tippek \u00e9s im\u00e1k gy\u00f3n\u00e1s el\u0151tt, alatt \u00e9s ut\u00e1n.<br \/>\n* Katolikus im\u00e1k, ha nagy el\u00e9gt\u00e9telt kapsz.<\/p>\n<p style=\"text-align: justify;\"><strong>A SZERZ\u0150K<\/strong><br \/>\nA L\u00e9gy Tiszta zsebk\u00f6nyvet egy pap \u00e9s k\u00e9t vil\u00e1gi h\u00edv\u0151 alkotta meg, hogy ezzel seg\u00edtsenek megismerni, meg\u00e9rteni \u00e9s megszerezni Krisztus megbocs\u00e1t\u00e1s\u00e1t a kiengesztel\u0151d\u00e9s szents\u00e9g\u00e9ben. K\u00f6z\u00fcl\u00fck mind a h\u00e1rom b\u0171n\u00f6s, de mindh\u00e1rman b\u00edznak Isten m\u00e9rhetetlen irgalm\u00e1ban. Azt rem\u00e9lik, hogy te is fogsz.<\/p>\n<p style=\"text-align: justify;\"><strong>KINEK VAN R\u00c1 SZ\u00dcKS\u00c9GE<\/strong><br \/>\nEz a zsebk\u00f6nyv t\u00f6k\u00e9letes azok sz\u00e1m\u00e1ra, akik nem \u00e9rtik a kiengesztel\u0151d\u00e9s szents\u00e9g\u00e9t vagy csak egyszer\u0171en t\u00f6bbet akarnak tudni az irgalmass\u00e1g eme elk\u00e9peszt\u0151en j\u00f3 szents\u00e9g\u00e9r\u0151l, illetve arr\u00f3l, hogy mik\u00e9nt lehet\u00fcnk nyitottabbak a szents\u00e9gb\u0151l fakad\u00f3 kegyelem befogad\u00e1s\u00e1ra.<\/p>\n<p style=\"text-align: justify;\"><strong>A K\u00d6NYV HASZN\u00c1LATA<\/strong><br \/>\n* Ig\u00e9nyelhet\u0151 a fiatalok gy\u00f3n\u00e1si szok\u00e1sainak elm\u00e9ly\u00edt\u00e9s\u00e9re a pl\u00e9b\u00e1ni\u00e1kon.<br \/>\n* Kioszthat\u00f3 ifj\u00fas\u00e1gi lelkigyakorlatokon vagy lelki napokon.<br \/>\n* Kioszthat\u00f3 ny\u00e1ri t\u00e1borokban, ministr\u00e1nsklubokban \u00e9s ifik\u00f6z\u00f6ss\u00e9gekben.<br \/>\n* B\u00e9rm\u00e1l\u00e1si aj\u00e1nd\u00e9kk\u00e9nt adhat\u00f3.<br \/>\n* Lelkigyakorlatos eml\u00e9kt\u00e1rgyk\u00e9nt adhat\u00f3.<\/p>\n<div data-configid=\"32670776\/63091484\" style=\"width:100%; height:371px;\" class=\"issuuembed\"><\/div>\n<p><script type=\"text\/javascript\" src=\"\/\/e.issuu.com\/embed.js\" async=\"true\"><\/script><\/p>\n ","protected":false},"excerpt":{"rendered":"<p>Egy j\u00f3 bar\u00e1t a sorban. Tal\u00e1n legut\u00f3bb h\u00e9t \u00e9ve gy\u00f3nt\u00e1l&#8230; vagy egy hete. Mindegy is, hogy mikor \u00e9lt\u00e9l ezzel a szents\u00e9ggel &#8211; r\u00e9gen vagy nem olyan r\u00e9gen -, a gy\u00f3n\u00e1sra v\u00e1rni mindig kicsit izzaszt\u00f3 dolog. Ne v\u00e1rj h\u00e1t egyed\u00fcl! A L\u00e9gy Tiszta zsebk\u00f6nyv teli van olyan inform\u00e1ci\u00f3kkal, amelyek seg\u00edtik felk\u00e9sz\u00edteni sz\u00edvedet a kiengesztel\u0151d\u00e9s szents\u00e9g\u00e9re \u00e9s&hellip; <br \/> <a class=\"read-more\" href=\"https:\/\/ipcszeged.hu\/index.php\/2018\/07\/10\/legy-tiszta-life-teen-leforditottak\/\">Read more<\/a><\/p>\n","protected":false},"author":1,"featured_media":11764,"comment_status":"closed","ping_status":"open","sticky":false,"template":"","format":"standard","meta":{"ngg_post_thumbnail":0,"footnotes":""},"categories":[1],"tags":[],"class_list":["post-11762","post","type-post","status-publish","format-standard","has-post-thumbnail","hentry","category-egyeb"],"_links":{"self":[{"href":"https:\/\/ipcszeged.hu\/index.php\/wp-json\/wp\/v2\/posts\/11762","targetHints":{"allow":["GET"]}}],"collection":[{"href":"https:\/\/ipcszeged.hu\/index.php\/wp-json\/wp\/v2\/posts"}],"about":[{"href":"https:\/\/ipcszeged.hu\/index.php\/wp-json\/wp\/v2\/types\/post"}],"author":[{"embeddable":true,"href":"https:\/\/ipcszeged.hu\/index.php\/wp-json\/wp\/v2\/users\/1"}],"replies":[{"embeddable":true,"href":"https:\/\/ipcszeged.hu\/index.php\/wp-json\/wp\/v2\/comments?post=11762"}],"version-history":[{"count":5,"href":"https:\/\/ipcszeged.hu\/index.php\/wp-json\/wp\/v2\/posts\/11762\/revisions"}],"predecessor-version":[{"id":11776,"href":"https:\/\/ipcszeged.hu\/index.php\/wp-json\/wp\/v2\/posts\/11762\/revisions\/11776"}],"wp:featuredmedia":[{"embeddable":true,"href":"https:\/\/ipcszeged.hu\/index.php\/wp-json\/wp\/v2\/media\/11764"}],"wp:attachment":[{"href":"https:\/\/ipcszeged.hu\/index.php\/wp-json\/wp\/v2\/media?parent=11762"}],"wp:term":[{"taxonomy":"category","embeddable":true,"href":"https:\/\/ipcszeged.hu\/index.php\/wp-json\/wp\/v2\/categories?post=11762"},{"taxonomy":"post_tag","embeddable":true,"href":"https:\/\/ipcszeged.hu\/index.php\/wp-json\/wp\/v2\/tags?post=11762"}],"curies":[{"name":"wp","href":"https:\/\/api.w.org\/{rel}","templated":true}]}}