{"id":11754,"date":"2018-07-10T12:29:49","date_gmt":"2018-07-10T12:29:49","guid":{"rendered":"http:\/\/www.ipcszeged.hu\/?p=11754"},"modified":"2018-07-10T12:29:49","modified_gmt":"2018-07-10T12:29:49","slug":"xv-egyhazmegyei-nyari-tabor-kepekben-es-elmenyekkel-teli","status":"publish","type":"post","link":"https:\/\/ipcszeged.hu\/index.php\/2018\/07\/10\/xv-egyhazmegyei-nyari-tabor-kepekben-es-elmenyekkel-teli\/","title":{"rendered":"XV. Egyh\u00e1zmegyei Ny\u00e1ri T\u00e1bor k\u00e9pekben \u00e9s \u00e9lm\u00e9nyekkel teli"},"content":{"rendered":"<p>Ny\u00e1r, j\u00f3 t\u00e1rsas\u00e1g, fiatalos lend\u00fclet. Az egyh\u00e1zmegyei ifj\u00fas\u00e1gi t\u00e1bor id\u00e9n is megrendez\u00e9sre ker\u00fclt Domasz\u00e9k-Z\u00f6ldf\u00e1son. A lelkigyakorlatos h\u00e1z j\u00fanius 25. \u00e9s j\u00falius 1. k\u00f6z\u00f6tt megtelt mintegy 70 fiatallal, akiket \u00f6sszek\u00f6t hit\u00fck \u00e9s lelkesed\u00e9s\u00fck. A t\u00e1borosoknak gondolat\u00e9breszt\u0151 el\u0151ad\u00e1sokkal, kreat\u00edv im\u00e1ds\u00e1gokkal, kir\u00e1ndul\u00e1sokkal \u00e9s vet\u00e9lked\u0151kkel k\u00e9sz\u00fcltek az Ifj\u00fas\u00e1gpasztor\u00e1ci\u00f3s Iroda munkat\u00e1rsai \u00e9s az \u0151ket seg\u00edt\u0151 egyetemist\u00e1kb\u00f3l \u00e1ll\u00f3 szervez\u0151csoport. A fiatalok koroszt\u00e1lyonk\u00e9nt kiscsoportokban oszthatt\u00e1k meg gondolataikat \u00e9s tapasztalataikat egym\u00e1ssal. A h\u00e9t t\u00e9m\u00e1ja az \u201eAj\u00e1nd\u00e9k\u201d volt, amelyet Isten ad rajtunk, egym\u00e1son vagy a term\u00e9szeten kereszt\u00fcl. A t\u00e1boroz\u00f3k az aj\u00e1nd\u00e9kokon kereszt\u00fcl a legels\u0151 Aj\u00e1nd\u00e9koz\u00f3t, mag\u00e1t Istent is \u00faj oldalr\u00f3l ismertett\u00e9k meg. A lelki felt\u00f6lt\u0151d\u00e9st a p\u00e9nteki lelkinap seg\u00edtette tan\u00fas\u00e1gt\u00e9telekkel, imafoglalkoz\u00e1sokal \u00e9s face2Face szents\u00e9gim\u00e1d\u00e1ssal. A program r\u00e9sze volt kikapcsol\u00f3d\u00e1sk\u00e9nt a m\u00f3rahalmi strandon tett f\u00fcrd\u0151z\u00e9s, majd a \u201eszombat esti l\u00e1z\u201d elnevez\u00e9s\u0171, csal\u00e1dias hangulat\u00fa b\u00facs\u00faeste, melyen a h\u00e9t legviccesebb \u00e9lm\u00e9nyeit foglalt\u00e1k \u00f6ssze a t\u00e1boroz\u00f3k minden tehets\u00e9g\u00fcket bevetve. Vas\u00e1rnap a szentmise, a szob\u00e1k kitakar\u00edt\u00e1sa \u00e9s az eb\u00e9d ut\u00e1n vettek b\u00facs\u00fat egym\u00e1st\u00f3l a fiatalok \u00e9s a szervez\u0151k olyan \u00faj \u00e9lm\u00e9nyekkel, bar\u00e1ts\u00e1gokkal \u00e9s gondolatokkal, amelyek miatt Domasz\u00e9k neve eg\u00e9szen m\u00e1sk\u00e9pp cseng ezut\u00e1n.<\/p>\n<h2 style=\"text-align: center;\">A k\u00e9pek\u00e9rt kattints a <a href=\"http:\/\/www.ipcszeged.hu\/index.php\/xv-egyhazmegyei-nyari-tabor\/galeria\/\">GAL\u00c9RI\u00c1RA!<\/a><\/h2>\n ","protected":false},"excerpt":{"rendered":"<p>Ny\u00e1r, j\u00f3 t\u00e1rsas\u00e1g, fiatalos lend\u00fclet. Az egyh\u00e1zmegyei ifj\u00fas\u00e1gi t\u00e1bor id\u00e9n is megrendez\u00e9sre ker\u00fclt Domasz\u00e9k-Z\u00f6ldf\u00e1son. A lelkigyakorlatos h\u00e1z j\u00fanius 25. \u00e9s j\u00falius 1. k\u00f6z\u00f6tt megtelt mintegy 70 fiatallal, akiket \u00f6sszek\u00f6t hit\u00fck \u00e9s lelkesed\u00e9s\u00fck. A t\u00e1borosoknak gondolat\u00e9breszt\u0151 el\u0151ad\u00e1sokkal, kreat\u00edv im\u00e1ds\u00e1gokkal, kir\u00e1ndul\u00e1sokkal \u00e9s vet\u00e9lked\u0151kkel k\u00e9sz\u00fcltek az Ifj\u00fas\u00e1gpasztor\u00e1ci\u00f3s Iroda munkat\u00e1rsai \u00e9s az \u0151ket seg\u00edt\u0151 egyetemist\u00e1kb\u00f3l \u00e1ll\u00f3 szervez\u0151csoport. A fiatalok&hellip; <br \/> <a class=\"read-more\" href=\"https:\/\/ipcszeged.hu\/index.php\/2018\/07\/10\/xv-egyhazmegyei-nyari-tabor-kepekben-es-elmenyekkel-teli\/\">Read more<\/a><\/p>\n","protected":false},"author":1,"featured_media":11755,"comment_status":"closed","ping_status":"open","sticky":false,"template":"","format":"standard","meta":{"ngg_post_thumbnail":0,"footnotes":""},"categories":[1],"tags":[],"class_list":["post-11754","post","type-post","status-publish","format-standard","has-post-thumbnail","hentry","category-egyeb"],"_links":{"self":[{"href":"https:\/\/ipcszeged.hu\/index.php\/wp-json\/wp\/v2\/posts\/11754","targetHints":{"allow":["GET"]}}],"collection":[{"href":"https:\/\/ipcszeged.hu\/index.php\/wp-json\/wp\/v2\/posts"}],"about":[{"href":"https:\/\/ipcszeged.hu\/index.php\/wp-json\/wp\/v2\/types\/post"}],"author":[{"embeddable":true,"href":"https:\/\/ipcszeged.hu\/index.php\/wp-json\/wp\/v2\/users\/1"}],"replies":[{"embeddable":true,"href":"https:\/\/ipcszeged.hu\/index.php\/wp-json\/wp\/v2\/comments?post=11754"}],"version-history":[{"count":1,"href":"https:\/\/ipcszeged.hu\/index.php\/wp-json\/wp\/v2\/posts\/11754\/revisions"}],"predecessor-version":[{"id":11756,"href":"https:\/\/ipcszeged.hu\/index.php\/wp-json\/wp\/v2\/posts\/11754\/revisions\/11756"}],"wp:featuredmedia":[{"embeddable":true,"href":"https:\/\/ipcszeged.hu\/index.php\/wp-json\/wp\/v2\/media\/11755"}],"wp:attachment":[{"href":"https:\/\/ipcszeged.hu\/index.php\/wp-json\/wp\/v2\/media?parent=11754"}],"wp:term":[{"taxonomy":"category","embeddable":true,"href":"https:\/\/ipcszeged.hu\/index.php\/wp-json\/wp\/v2\/categories?post=11754"},{"taxonomy":"post_tag","embeddable":true,"href":"https:\/\/ipcszeged.hu\/index.php\/wp-json\/wp\/v2\/tags?post=11754"}],"curies":[{"name":"wp","href":"https:\/\/api.w.org\/{rel}","templated":true}]}}