{"id":1145,"date":"2016-05-09T06:49:11","date_gmt":"2016-05-09T06:49:11","guid":{"rendered":"http:\/\/www.ipcszeged.hu\/?p=1145"},"modified":"2016-05-09T06:49:11","modified_gmt":"2016-05-09T06:49:11","slug":"egyhazmegyei-nyari-tabor-gyula-2016","status":"publish","type":"post","link":"https:\/\/ipcszeged.hu\/index.php\/2016\/05\/09\/egyhazmegyei-nyari-tabor-gyula-2016\/","title":{"rendered":"Egyh\u00e1zmegyei Ny\u00e1ri T\u00e1bor Gyula 2016"},"content":{"rendered":"<h3 style=\"text-align: center;\">Id\u00e9n meg\u00fajult form\u00e1ban \u00e9s helysz\u00ednnel jelentkezik az Egyh\u00e1zmegyei Ny\u00e1ri T\u00e1bor. <span style=\"color: #ff0000;\">2016. j\u00fanius 29 \u00e9s j\u00falius 3 k\u00f6z\u00f6tt Gyul\u00e1ra<\/span> szervezz\u00fck T\u00e1borunkat. A t\u00e1bor T\u00e9m\u00e1ja:<\/h3>\n<h3 style=\"text-align: center;\">\u201cForr\u00e1saink: h\u0151s\u00f6k, p\u00e9ldak\u00e9pek.\u201d<\/h3>\n<h3 style=\"text-align: center;\">Hogy mi v\u00e1r r\u00e1d? K\u00edv\u00e1ncsi vagy? Gyere el \u00e9ld \u00e1t \u00e9s megtudod mi is az az Egyh\u00e1zmegyei Ny\u00e1ri T\u00e1bor!<\/h3>\n<h3 style=\"text-align: center;\">H\u0151s\u00f6k, V\u00e1rf\u00fcrd\u0151, Sportol\u00e1si lehet\u0151s\u00e9g, Sportol\u00f3 aty\u00e1k tan\u00fas\u00e1gt\u00e9telei, \u00a0V\u00e1rosi j\u00e1t\u00e9k, Csapat\u00e9p\u00edt\u0151 programok, T\u00e1nch\u00e1z, Lelki nap, \u00faj bar\u00e1tok, a ny\u00e1r legnagyobb \u00e9lm\u00e9nye \u00e9s m\u00e9g sok minden!<\/h3>\n<p style=\"text-align: center;\">\n<h1 style=\"text-align: center;\"><a href=\"http:\/\/goo.gl\/forms\/ywlPE3bZMk\">Regisztr\u00e1lok a T\u00e1borra<\/a><\/h1>\n ","protected":false},"excerpt":{"rendered":"<p>Id\u00e9n meg\u00fajult form\u00e1ban \u00e9s helysz\u00ednnel jelentkezik az Egyh\u00e1zmegyei Ny\u00e1ri T\u00e1bor. 2016. j\u00fanius 29 \u00e9s j\u00falius 3 k\u00f6z\u00f6tt Gyul\u00e1ra szervezz\u00fck T\u00e1borunkat. A t\u00e1bor T\u00e9m\u00e1ja: \u201cForr\u00e1saink: h\u0151s\u00f6k, p\u00e9ldak\u00e9pek.\u201d Hogy mi v\u00e1r r\u00e1d? K\u00edv\u00e1ncsi vagy? Gyere el \u00e9ld \u00e1t \u00e9s megtudod mi is az az Egyh\u00e1zmegyei Ny\u00e1ri T\u00e1bor! H\u0151s\u00f6k, V\u00e1rf\u00fcrd\u0151, Sportol\u00e1si lehet\u0151s\u00e9g, Sportol\u00f3 aty\u00e1k tan\u00fas\u00e1gt\u00e9telei, \u00a0V\u00e1rosi j\u00e1t\u00e9k, Csapat\u00e9p\u00edt\u0151&hellip; <br \/> <a class=\"read-more\" href=\"https:\/\/ipcszeged.hu\/index.php\/2016\/05\/09\/egyhazmegyei-nyari-tabor-gyula-2016\/\">Read more<\/a><\/p>\n","protected":false},"author":1,"featured_media":1142,"comment_status":"closed","ping_status":"open","sticky":false,"template":"","format":"standard","meta":{"ngg_post_thumbnail":0,"footnotes":""},"categories":[1],"tags":[],"class_list":["post-1145","post","type-post","status-publish","format-standard","has-post-thumbnail","hentry","category-egyeb"],"_links":{"self":[{"href":"https:\/\/ipcszeged.hu\/index.php\/wp-json\/wp\/v2\/posts\/1145","targetHints":{"allow":["GET"]}}],"collection":[{"href":"https:\/\/ipcszeged.hu\/index.php\/wp-json\/wp\/v2\/posts"}],"about":[{"href":"https:\/\/ipcszeged.hu\/index.php\/wp-json\/wp\/v2\/types\/post"}],"author":[{"embeddable":true,"href":"https:\/\/ipcszeged.hu\/index.php\/wp-json\/wp\/v2\/users\/1"}],"replies":[{"embeddable":true,"href":"https:\/\/ipcszeged.hu\/index.php\/wp-json\/wp\/v2\/comments?post=1145"}],"version-history":[{"count":1,"href":"https:\/\/ipcszeged.hu\/index.php\/wp-json\/wp\/v2\/posts\/1145\/revisions"}],"predecessor-version":[{"id":1146,"href":"https:\/\/ipcszeged.hu\/index.php\/wp-json\/wp\/v2\/posts\/1145\/revisions\/1146"}],"wp:featuredmedia":[{"embeddable":true,"href":"https:\/\/ipcszeged.hu\/index.php\/wp-json\/wp\/v2\/media\/1142"}],"wp:attachment":[{"href":"https:\/\/ipcszeged.hu\/index.php\/wp-json\/wp\/v2\/media?parent=1145"}],"wp:term":[{"taxonomy":"category","embeddable":true,"href":"https:\/\/ipcszeged.hu\/index.php\/wp-json\/wp\/v2\/categories?post=1145"},{"taxonomy":"post_tag","embeddable":true,"href":"https:\/\/ipcszeged.hu\/index.php\/wp-json\/wp\/v2\/tags?post=1145"}],"curies":[{"name":"wp","href":"https:\/\/api.w.org\/{rel}","templated":true}]}}