{"id":1132,"date":"2016-05-03T08:56:38","date_gmt":"2016-05-03T08:56:38","guid":{"rendered":"http:\/\/www.ipcszeged.hu\/?p=1132"},"modified":"2016-05-03T08:56:38","modified_gmt":"2016-05-03T08:56:38","slug":"vitorlat-bonts-koteleket-megfesziteni","status":"publish","type":"post","link":"https:\/\/ipcszeged.hu\/index.php\/2016\/05\/03\/vitorlat-bonts-koteleket-megfesziteni\/","title":{"rendered":"Vitorl\u00e1t bonts, k\u00f6teleket megfesz\u00edteni!"},"content":{"rendered":"<h3 style=\"text-align: center;\">2016. m\u00e1jus 6 -\u00e1n elhagyja a kik\u00f6t\u0151t a Vitorla K\u00f6z\u00f6ss\u00e9gvezet\u0151 k\u00e9pz\u0151 fed\u00e9lzet\u00e9n k\u00f6zel 40 f\u0151s leg\u00e9nys\u00e9ggel!<\/h3>\n<h3 style=\"text-align: center;\">Az els\u0151 \u00fat c\u00e9lj\u00e1nak a Pl\u00e9b\u00e1ni\u00e1n val\u00f3 K\u00fcldet\u00e9s\u00fcnk meghat\u00e1roz\u00e1s\u00e1t t\u0171zt\u00fck ki. Ebben seg\u00edt majd benn\u00fcnket M\u00e1rk evang\u00e9lista szava is:<\/h3>\n<blockquote>\n<h5 style=\"text-align: center;\">&#8220;K\u00e9sz\u00edts\u00e9tek el\u0151 az \u00dar \u00fatj\u00e1t!&#8221;<\/h5>\n<h5 style=\"text-align: center;\">Mk 1,3<\/h5>\n<\/blockquote>\n<h4 style=\"text-align: center;\">A r\u00e9szletes programmal \u00e9s &#8220;feladatbeoszt\u00e1ssal&#8221; szerd\u00e1n jelentkez\u00fcnk!<\/h4>\n<p><a href=\"http:\/\/www.ipcszeged.hu\/wp-content\/uploads\/2016\/02\/vitorla_kozossegvezeto-logoi.jpg\"><img loading=\"lazy\" decoding=\"async\" class=\"aligncenter size-full wp-image-995\" src=\"http:\/\/www.ipcszeged.hu\/wp-content\/uploads\/2016\/02\/vitorla_kozossegvezeto-logoi.jpg\" alt=\"vitorla_kozossegvezeto logoi\" width=\"1659\" height=\"819\" srcset=\"https:\/\/ipcszeged.hu\/wp-content\/uploads\/2016\/02\/vitorla_kozossegvezeto-logoi.jpg 1659w, https:\/\/ipcszeged.hu\/wp-content\/uploads\/2016\/02\/vitorla_kozossegvezeto-logoi-150x74.jpg 150w, https:\/\/ipcszeged.hu\/wp-content\/uploads\/2016\/02\/vitorla_kozossegvezeto-logoi-300x148.jpg 300w, https:\/\/ipcszeged.hu\/wp-content\/uploads\/2016\/02\/vitorla_kozossegvezeto-logoi-945x467.jpg 945w, https:\/\/ipcszeged.hu\/wp-content\/uploads\/2016\/02\/vitorla_kozossegvezeto-logoi-600x296.jpg 600w\" sizes=\"auto, (max-width: 1659px) 100vw, 1659px\" \/><\/a><\/p>\n ","protected":false},"excerpt":{"rendered":"<p>2016. m\u00e1jus 6 -\u00e1n elhagyja a kik\u00f6t\u0151t a Vitorla K\u00f6z\u00f6ss\u00e9gvezet\u0151 k\u00e9pz\u0151 fed\u00e9lzet\u00e9n k\u00f6zel 40 f\u0151s leg\u00e9nys\u00e9ggel! Az els\u0151 \u00fat c\u00e9lj\u00e1nak a Pl\u00e9b\u00e1ni\u00e1n val\u00f3 K\u00fcldet\u00e9s\u00fcnk meghat\u00e1roz\u00e1s\u00e1t t\u0171zt\u00fck ki. Ebben seg\u00edt majd benn\u00fcnket M\u00e1rk evang\u00e9lista szava is: &#8220;K\u00e9sz\u00edts\u00e9tek el\u0151 az \u00dar \u00fatj\u00e1t!&#8221; Mk 1,3 A r\u00e9szletes programmal \u00e9s &#8220;feladatbeoszt\u00e1ssal&#8221; szerd\u00e1n jelentkez\u00fcnk!<\/p>\n","protected":false},"author":1,"featured_media":1133,"comment_status":"closed","ping_status":"open","sticky":false,"template":"","format":"standard","meta":{"ngg_post_thumbnail":0,"footnotes":""},"categories":[1],"tags":[],"class_list":["post-1132","post","type-post","status-publish","format-standard","has-post-thumbnail","hentry","category-egyeb"],"_links":{"self":[{"href":"https:\/\/ipcszeged.hu\/index.php\/wp-json\/wp\/v2\/posts\/1132","targetHints":{"allow":["GET"]}}],"collection":[{"href":"https:\/\/ipcszeged.hu\/index.php\/wp-json\/wp\/v2\/posts"}],"about":[{"href":"https:\/\/ipcszeged.hu\/index.php\/wp-json\/wp\/v2\/types\/post"}],"author":[{"embeddable":true,"href":"https:\/\/ipcszeged.hu\/index.php\/wp-json\/wp\/v2\/users\/1"}],"replies":[{"embeddable":true,"href":"https:\/\/ipcszeged.hu\/index.php\/wp-json\/wp\/v2\/comments?post=1132"}],"version-history":[{"count":2,"href":"https:\/\/ipcszeged.hu\/index.php\/wp-json\/wp\/v2\/posts\/1132\/revisions"}],"predecessor-version":[{"id":1135,"href":"https:\/\/ipcszeged.hu\/index.php\/wp-json\/wp\/v2\/posts\/1132\/revisions\/1135"}],"wp:featuredmedia":[{"embeddable":true,"href":"https:\/\/ipcszeged.hu\/index.php\/wp-json\/wp\/v2\/media\/1133"}],"wp:attachment":[{"href":"https:\/\/ipcszeged.hu\/index.php\/wp-json\/wp\/v2\/media?parent=1132"}],"wp:term":[{"taxonomy":"category","embeddable":true,"href":"https:\/\/ipcszeged.hu\/index.php\/wp-json\/wp\/v2\/categories?post=1132"},{"taxonomy":"post_tag","embeddable":true,"href":"https:\/\/ipcszeged.hu\/index.php\/wp-json\/wp\/v2\/tags?post=1132"}],"curies":[{"name":"wp","href":"https:\/\/api.w.org\/{rel}","templated":true}]}}