{"id":1037,"date":"2016-04-11T10:51:48","date_gmt":"2016-04-11T10:51:48","guid":{"rendered":"http:\/\/www.ipcszeged.hu\/?p=1037"},"modified":"2016-04-11T10:51:48","modified_gmt":"2016-04-11T10:51:48","slug":"indulhat-3-busz-is-krakkoba","status":"publish","type":"post","link":"https:\/\/ipcszeged.hu\/index.php\/2016\/04\/11\/indulhat-3-busz-is-krakkoba\/","title":{"rendered":"Indulhat 3. busz is Krakk\u00f3ba?????"},"content":{"rendered":"<h3 style=\"text-align: center;\">Tudtad, hogy egy 3. buszt is ind\u00edtunk Szegedr\u0151l Krakk\u00f3ba?<br \/>\nTudtad, hogy az els\u0151 49 regisztr\u00e1l\u00f3t vissz\u00fck el?<br \/>\nTudtad, hogy a hat\u00e1rid\u0151 \u00e1prilis 15.?<\/h3>\n<h5 style=\"text-align: center;\">Felm\u00e9r\u00e9s \u0171rlapja <a href=\"http:\/\/goo.gl\/forms\/wZOGEFdn87\">http:\/\/goo.gl\/forms\/wZOGEFdn87<\/a><\/h5>\n<p><strong>Az Egyh\u00e1zmegye egy harmadik aut\u00f3busz ind\u00edt\u00e1s\u00e1t tervezi a Krakk\u00f3i Ifj\u00fas\u00e1gi Vil\u00e1gtal\u00e1lkoz\u00f3ra! <\/strong>Ez\u00e9rt, szeretn\u00e9nk felm\u00e9rni a lentebb tal\u00e1lhat\u00f3 google-s \u0171rlap seg\u00edts\u00e9g\u00e9vel, hogy az Egyh\u00e1zmegy\u00e9nkben van-e m\u00e9g olyan fiatal, aki sz\u00edvesen r\u00e9szt venne a 2016-os Vil\u00e1gtal\u00e1lkoz\u00f3n \u00e9s az azt megel\u0151z\u0151 radom-i programokon (j\u00fal. 20 &#8211; aug. 1.)<\/p>\n<p><u>Abban az esetben, ha<\/u> <strong>49 f\u0151<\/strong> jelzi r\u00e9szv\u00e9teli sz\u00e1nd\u00e9k\u00e1t, akkor egy \u00fajabb buszt szervezn\u00e9nk, \u00e9s \u00edgy m\u00e1r 3 busszal zar\u00e1ndokoln\u00e1nk el Lengyelorsz\u00e1gba.<\/p>\n<p>V\u00e1rjuk azoknak a Szeged \u2013 Csan\u00e1di Egyh\u00e1zmegy\u00e9ben \u00e9l\u0151 fiataloknak a jelentkez\u00e9s\u00e9t, akik bet\u00f6lt\u00f6tt\u00e9k 17. \u00e9let\u00e9v\u00fcket, akt\u00edv tagjai valamely ifj\u00fas\u00e1gi k\u00f6z\u00f6ss\u00e9gnek, pl\u00e9b\u00e1niai csoportnak.<\/p>\n<p><strong><u>Regisztr\u00e1ci\u00f3s hat\u00e1rid\u0151 2016. \u00e1prilis 15<\/u><\/strong>.<\/p>\n<p>(figyelem, egy h\u00e9t \u00e1ll rendelkez\u00e9sre!)<\/p>\n<p>&nbsp;<\/p>\n<p><strong>A r\u00e9szv\u00e9teli d\u00edj t\u00f6bb r\u00e9szletb\u0151l \u00e1ll \u00f6ssze:<\/strong><\/p>\n<ul>\n<li>p\u00fcsp\u00f6ks\u00e9gi t\u00e1mogat\u00e1s 35.000 Ft fiatalonk\u00e9nt<\/li>\n<li>MKPK t\u00e1mogat\u00e1sa 6.300 Ft fiatalonk\u00e9nt<\/li>\n<li>pl\u00e9b\u00e1niai t\u00e1mogat\u00e1s 20.000 Ft (amennyiben a fiatal nem tudja megszerezni pl\u00e9b\u00e1nosa t\u00e1mogat\u00e1s\u00e1t, abban az esetben a fiatalt terheli ez a k\u00f6lts\u00e9g.)<\/li>\n<li>fiatal \u00f6nr\u00e9sze 47.000 Ft melyet k\u00e9t r\u00e9szletben lehet befizetni a lent megjel\u00f6lt sz\u00e1mlasz\u00e1mra 27.000 Ft \u00e1prilis 15-ig \u00e9s 20.000 Ft pedig m\u00e1jus 30-ig.<\/li>\n<\/ul>\n<p>&nbsp;<\/p>\n<p>&nbsp;<\/p>\n ","protected":false},"excerpt":{"rendered":"<p>Tudtad, hogy egy 3. buszt is ind\u00edtunk Szegedr\u0151l Krakk\u00f3ba? Tudtad, hogy az els\u0151 49 regisztr\u00e1l\u00f3t vissz\u00fck el? Tudtad, hogy a hat\u00e1rid\u0151 \u00e1prilis 15.? Felm\u00e9r\u00e9s \u0171rlapja http:\/\/goo.gl\/forms\/wZOGEFdn87 Az Egyh\u00e1zmegye egy harmadik aut\u00f3busz ind\u00edt\u00e1s\u00e1t tervezi a Krakk\u00f3i Ifj\u00fas\u00e1gi Vil\u00e1gtal\u00e1lkoz\u00f3ra! Ez\u00e9rt, szeretn\u00e9nk felm\u00e9rni a lentebb tal\u00e1lhat\u00f3 google-s \u0171rlap seg\u00edts\u00e9g\u00e9vel, hogy az Egyh\u00e1zmegy\u00e9nkben van-e m\u00e9g olyan fiatal, aki sz\u00edvesen&hellip; <br \/> <a class=\"read-more\" href=\"https:\/\/ipcszeged.hu\/index.php\/2016\/04\/11\/indulhat-3-busz-is-krakkoba\/\">Read more<\/a><\/p>\n","protected":false},"author":1,"featured_media":1040,"comment_status":"closed","ping_status":"open","sticky":false,"template":"","format":"standard","meta":{"ngg_post_thumbnail":0,"footnotes":""},"categories":[1],"tags":[],"class_list":["post-1037","post","type-post","status-publish","format-standard","has-post-thumbnail","hentry","category-egyeb"],"_links":{"self":[{"href":"https:\/\/ipcszeged.hu\/index.php\/wp-json\/wp\/v2\/posts\/1037","targetHints":{"allow":["GET"]}}],"collection":[{"href":"https:\/\/ipcszeged.hu\/index.php\/wp-json\/wp\/v2\/posts"}],"about":[{"href":"https:\/\/ipcszeged.hu\/index.php\/wp-json\/wp\/v2\/types\/post"}],"author":[{"embeddable":true,"href":"https:\/\/ipcszeged.hu\/index.php\/wp-json\/wp\/v2\/users\/1"}],"replies":[{"embeddable":true,"href":"https:\/\/ipcszeged.hu\/index.php\/wp-json\/wp\/v2\/comments?post=1037"}],"version-history":[{"count":1,"href":"https:\/\/ipcszeged.hu\/index.php\/wp-json\/wp\/v2\/posts\/1037\/revisions"}],"predecessor-version":[{"id":1042,"href":"https:\/\/ipcszeged.hu\/index.php\/wp-json\/wp\/v2\/posts\/1037\/revisions\/1042"}],"wp:featuredmedia":[{"embeddable":true,"href":"https:\/\/ipcszeged.hu\/index.php\/wp-json\/wp\/v2\/media\/1040"}],"wp:attachment":[{"href":"https:\/\/ipcszeged.hu\/index.php\/wp-json\/wp\/v2\/media?parent=1037"}],"wp:term":[{"taxonomy":"category","embeddable":true,"href":"https:\/\/ipcszeged.hu\/index.php\/wp-json\/wp\/v2\/categories?post=1037"},{"taxonomy":"post_tag","embeddable":true,"href":"https:\/\/ipcszeged.hu\/index.php\/wp-json\/wp\/v2\/tags?post=1037"}],"curies":[{"name":"wp","href":"https:\/\/api.w.org\/{rel}","templated":true}]}}