{"id":1010,"date":"2016-03-10T08:53:00","date_gmt":"2016-03-10T08:53:00","guid":{"rendered":"http:\/\/www.ipcszeged.hu\/?p=1010"},"modified":"2016-03-10T08:53:00","modified_gmt":"2016-03-10T08:53:00","slug":"nagy-orommel-hirdetjuk-meg-vitorla-tartsd-az-iranyt-kozossegvezeto-kepzonket","status":"publish","type":"post","link":"https:\/\/ipcszeged.hu\/index.php\/2016\/03\/10\/nagy-orommel-hirdetjuk-meg-vitorla-tartsd-az-iranyt-kozossegvezeto-kepzonket\/","title":{"rendered":"Nagy \u00f6r\u00f6mmel hirdetj\u00fck meg &#8220;Vitorla &#8211; Tartsd az ir\u00e1nyt!&#8221; k\u00f6z\u00f6ss\u00e9gvezet\u0151 k\u00e9pz\u0151nket!"},"content":{"rendered":"<h4 style=\"text-align: center;\">V\u00e1rjuk olyan pl\u00e9b\u00e1niai teamek (aty\u00e1k, katek\u00e9t\u00e1k \u00e9s \u00f6nk\u00e9ntes fiatalok egy\u00fctt) jelentkez\u00e9s\u00e9t, akik pl\u00e9b\u00e1ni\u00e1jukon szeretn\u00e9k megmozd\u00edtani, bevonni a fiatalokat egy tev\u00e9keny \u00e9s m\u0171k\u00f6d ifj\u00fas\u00e1gi k\u00f6z\u00f6ss\u00e9gbe. Vagy a m\u00e1r megl\u00e9v\u0151 \u00e9s m\u0171k\u00f6d\u0151 k\u00f6z\u00f6ss\u00e9geiket m\u00f3dszeresen felfriss\u00edteni.<\/h4>\n<h5 style=\"text-align: center;\">\u00a0A k\u00e9pz\u00e9s r\u00e9szleteir\u0151l \u00e9s regisztr\u00e1ci\u00f3j\u00e1r\u00f3l a Vitorla men\u00fcpont Inform\u00e1ci\u00f3k pontban t\u00e1j\u00e9koz\u00f3dhattok.<\/h5>\n<blockquote><p>&#8220;Tartsd az ir\u00e1nyt!&#8221;<\/p><\/blockquote>\n ","protected":false},"excerpt":{"rendered":"<p>V\u00e1rjuk olyan pl\u00e9b\u00e1niai teamek (aty\u00e1k, katek\u00e9t\u00e1k \u00e9s \u00f6nk\u00e9ntes fiatalok egy\u00fctt) jelentkez\u00e9s\u00e9t, akik pl\u00e9b\u00e1ni\u00e1jukon szeretn\u00e9k megmozd\u00edtani, bevonni a fiatalokat egy tev\u00e9keny \u00e9s m\u0171k\u00f6d ifj\u00fas\u00e1gi k\u00f6z\u00f6ss\u00e9gbe. Vagy a m\u00e1r megl\u00e9v\u0151 \u00e9s m\u0171k\u00f6d\u0151 k\u00f6z\u00f6ss\u00e9geiket m\u00f3dszeresen felfriss\u00edteni. \u00a0A k\u00e9pz\u00e9s r\u00e9szleteir\u0151l \u00e9s regisztr\u00e1ci\u00f3j\u00e1r\u00f3l a Vitorla men\u00fcpont Inform\u00e1ci\u00f3k pontban t\u00e1j\u00e9koz\u00f3dhattok. &#8220;Tartsd az ir\u00e1nyt!&#8221;<\/p>\n","protected":false},"author":1,"featured_media":1007,"comment_status":"open","ping_status":"open","sticky":false,"template":"","format":"standard","meta":{"ngg_post_thumbnail":0,"footnotes":""},"categories":[1],"tags":[],"class_list":["post-1010","post","type-post","status-publish","format-standard","has-post-thumbnail","hentry","category-egyeb"],"_links":{"self":[{"href":"https:\/\/ipcszeged.hu\/index.php\/wp-json\/wp\/v2\/posts\/1010","targetHints":{"allow":["GET"]}}],"collection":[{"href":"https:\/\/ipcszeged.hu\/index.php\/wp-json\/wp\/v2\/posts"}],"about":[{"href":"https:\/\/ipcszeged.hu\/index.php\/wp-json\/wp\/v2\/types\/post"}],"author":[{"embeddable":true,"href":"https:\/\/ipcszeged.hu\/index.php\/wp-json\/wp\/v2\/users\/1"}],"replies":[{"embeddable":true,"href":"https:\/\/ipcszeged.hu\/index.php\/wp-json\/wp\/v2\/comments?post=1010"}],"version-history":[{"count":2,"href":"https:\/\/ipcszeged.hu\/index.php\/wp-json\/wp\/v2\/posts\/1010\/revisions"}],"predecessor-version":[{"id":1012,"href":"https:\/\/ipcszeged.hu\/index.php\/wp-json\/wp\/v2\/posts\/1010\/revisions\/1012"}],"wp:featuredmedia":[{"embeddable":true,"href":"https:\/\/ipcszeged.hu\/index.php\/wp-json\/wp\/v2\/media\/1007"}],"wp:attachment":[{"href":"https:\/\/ipcszeged.hu\/index.php\/wp-json\/wp\/v2\/media?parent=1010"}],"wp:term":[{"taxonomy":"category","embeddable":true,"href":"https:\/\/ipcszeged.hu\/index.php\/wp-json\/wp\/v2\/categories?post=1010"},{"taxonomy":"post_tag","embeddable":true,"href":"https:\/\/ipcszeged.hu\/index.php\/wp-json\/wp\/v2\/tags?post=1010"}],"curies":[{"name":"wp","href":"https:\/\/api.w.org\/{rel}","templated":true}]}}