{"id":1002,"date":"2016-03-10T08:30:56","date_gmt":"2016-03-10T08:30:56","guid":{"rendered":"http:\/\/www.ipcszeged.hu\/?p=1002"},"modified":"2016-03-10T08:30:56","modified_gmt":"2016-03-10T08:30:56","slug":"feluton-a-tesz-vesz-tavasz","status":"publish","type":"post","link":"https:\/\/ipcszeged.hu\/index.php\/2016\/03\/10\/feluton-a-tesz-vesz-tavasz\/","title":{"rendered":"F\u00e9l\u00faton a Tesz &#8211; Vesz Tavasz!"},"content":{"rendered":"<h5 style=\"text-align: center;\">A Tesz &#8211; Vesz Tavasz f\u00e9lidej\u00e9be \u00e9rkezett!<\/h5>\n<h5 style=\"text-align: center;\">Eddig m\u00e1r 1135-en v\u00e9gezt\u00e9k el Tesz-Vesz Tavaszos projektjeiket. Te csoportod is k\u00f6zte volt? Ha nem akkor sincs semmi gond, hiszen m\u00e9g lehetsz azok k\u00f6z\u00f6tt, akik p\u00e9nteken, szombaton vagy vas\u00e1rnap &#8220;tesznek &#8211; vesznek&#8221;!<\/h5>\n<p>M\u00e9g van id\u0151d:<\/p>\n<blockquote><p><em><strong>Az id\u0151 csal\u00f3ka. A legjobb, ha sz\u00e1mba veszi az ember.<\/strong><\/em><\/p><\/blockquote>\n<p style=\"text-align: right;\">Qui-Gon Jin<\/p>\n ","protected":false},"excerpt":{"rendered":"<p>A Tesz &#8211; Vesz Tavasz f\u00e9lidej\u00e9be \u00e9rkezett! Eddig m\u00e1r 1135-en v\u00e9gezt\u00e9k el Tesz-Vesz Tavaszos projektjeiket. Te csoportod is k\u00f6zte volt? Ha nem akkor sincs semmi gond, hiszen m\u00e9g lehetsz azok k\u00f6z\u00f6tt, akik p\u00e9nteken, szombaton vagy vas\u00e1rnap &#8220;tesznek &#8211; vesznek&#8221;! M\u00e9g van id\u0151d: Az id\u0151 csal\u00f3ka. A legjobb, ha sz\u00e1mba veszi az ember. Qui-Gon Jin<\/p>\n","protected":false},"author":1,"featured_media":1003,"comment_status":"open","ping_status":"open","sticky":false,"template":"","format":"standard","meta":{"ngg_post_thumbnail":0,"footnotes":""},"categories":[1],"tags":[],"class_list":["post-1002","post","type-post","status-publish","format-standard","has-post-thumbnail","hentry","category-egyeb"],"_links":{"self":[{"href":"https:\/\/ipcszeged.hu\/index.php\/wp-json\/wp\/v2\/posts\/1002","targetHints":{"allow":["GET"]}}],"collection":[{"href":"https:\/\/ipcszeged.hu\/index.php\/wp-json\/wp\/v2\/posts"}],"about":[{"href":"https:\/\/ipcszeged.hu\/index.php\/wp-json\/wp\/v2\/types\/post"}],"author":[{"embeddable":true,"href":"https:\/\/ipcszeged.hu\/index.php\/wp-json\/wp\/v2\/users\/1"}],"replies":[{"embeddable":true,"href":"https:\/\/ipcszeged.hu\/index.php\/wp-json\/wp\/v2\/comments?post=1002"}],"version-history":[{"count":1,"href":"https:\/\/ipcszeged.hu\/index.php\/wp-json\/wp\/v2\/posts\/1002\/revisions"}],"predecessor-version":[{"id":1004,"href":"https:\/\/ipcszeged.hu\/index.php\/wp-json\/wp\/v2\/posts\/1002\/revisions\/1004"}],"wp:featuredmedia":[{"embeddable":true,"href":"https:\/\/ipcszeged.hu\/index.php\/wp-json\/wp\/v2\/media\/1003"}],"wp:attachment":[{"href":"https:\/\/ipcszeged.hu\/index.php\/wp-json\/wp\/v2\/media?parent=1002"}],"wp:term":[{"taxonomy":"category","embeddable":true,"href":"https:\/\/ipcszeged.hu\/index.php\/wp-json\/wp\/v2\/categories?post=1002"},{"taxonomy":"post_tag","embeddable":true,"href":"https:\/\/ipcszeged.hu\/index.php\/wp-json\/wp\/v2\/tags?post=1002"}],"curies":[{"name":"wp","href":"https:\/\/api.w.org\/{rel}","templated":true}]}}